{"id":2345,"date":"2025-04-24T13:02:43","date_gmt":"2025-04-24T11:02:43","guid":{"rendered":"https:\/\/www.naircenter.com\/mercedes-siles-defiende-una-inteligencia-artificial-etica-al-servicio-del-desarrollo-humano\/"},"modified":"2026-03-03T16:58:08","modified_gmt":"2026-03-03T15:58:08","slug":"mercedes-siles-calls-for-ethical-artificial-intelligence-in-the-service-of-human-development","status":"publish","type":"post","link":"https:\/\/www.naircenter.com\/en\/mercedes-siles-calls-for-ethical-artificial-intelligence-in-the-service-of-human-development\/","title":{"rendered":"Mercedes Siles calls for ethical artificial intelligence in the service of human development"},"content":{"rendered":"<div style=\"text-align: justify;\">\n<h3>The Professor of Algebra gave a seminar in Pamplona in which she addressed the risks posed by pernicious algorithms and the keys to responsible, regulated design.<\/h3>\n<p>Pamplona, 23 April 2025 \u2014 Artificial intelligence (AI) raises urgent challenges that require reflection, regulation and clear principles. This was the argument made by Professor of Algebra Mercedes Siles Molina during the seminar \u201cEthical algorithms for human development: principles and actions\u201d, organised by NAIR Center at the Navarra Digital Innovation Hub. The seminar brought together around twenty people interested in the social and ethical challenges that accompany this technological development.<\/p>\n<p>Mercedes Siles Molina opened with a historical overview of AI, highlighting both international figures such as John McCarthy and Spanish pioneers such as Leonardo Torres Quevedo \u2014 inventor of the Telekino (1903) and the Chess Player (1912) \u2014 and \u00c1ngela Ruiz Robles, who in 1940 created the Mechanical Encyclopaedia, regarded as a forerunner of the e-book.<\/p>\n<p>\u201cMathematics is the language of artificial intelligence, and the algorithm is its grammar,\u201d Siles stated, warning that pernicious algorithms are already in operation. They can create artificial needs, manipulate decisions, deliver biased content and actively contribute to disinformation. She warned in particular about the effects of generative AI tools, whose deployment has been shown to increase both the volume and the variety of false content, while retaining a strong capacity to persuade. In response to these risks, the professor stressed the need for robust ethical and regulatory frameworks, and highlighted the role Europe can play in regulating AI.<\/p>\n<p>Siles also pointed out that language is a limitation for AI: \u201cNo language fully captures reality.\u201d Along these lines, she announced her forthcoming book \u201cSpanish: the language of Intelligence\u201d, in which she reflects on the relationship between language, knowledge and artificial intelligence.<\/p>\n<p>The mathematician works with Fundaci\u00f3n Hermes, a non-profit organisation that promotes ethical, responsible and people-centred digital development. In particular, she coordinates the seminar \u201cEthical and responsible algorithms for human development\u201d, which includes specialists such as Roberto Andorno (University of Zurich), Gemma Gald\u00f3n Clavell (CEO of Eticas.ai) and Ulises Cort\u00e9s (Universitat Polit\u00e8cnica de Catalunya). The seminar proposes the R2T2 model (Revocability, Responsibility, Transparency and Traceability) as basic principles for ethical and responsible AI, together with two key dogmas: AI in the service of human beings, and AI is not and will not be a human being.<\/p>\n\n\t\t<style type=\"text\/css\">\n\t\t\t#gallery-1 {\n\t\t\t\tmargin: auto;\n\t\t\t}\n\t\t\t#gallery-1 .gallery-item {\n\t\t\t\tfloat: left;\n\t\t\t\tmargin-top: 10px;\n\t\t\t\ttext-align: center;\n\t\t\t\twidth: 50%;\n\t\t\t}\n\t\t\t#gallery-1 img {\n\t\t\t\tborder: 2px solid #cfcfcf;\n\t\t\t}\n\t\t\t#gallery-1 .gallery-caption {\n\t\t\t\tmargin-left: 0;\n\t\t\t}\n\t\t\t\/* see gallery_shortcode() in wp-includes\/media.php *\/\n\t\t<\/style>\n\t\t<div id='gallery-1' class='gallery galleryid-2345 gallery-columns-2 gallery-size-large'><dl class='gallery-item'>\n\t\t\t<dt class='gallery-icon landscape'>\n\t\t\t\t<a href='https:\/\/www.naircenter.com\/en\/mercedes-siles-calls-for-ethical-artificial-intelligence-in-the-service-of-human-development\/img_1196-2\/'><img loading=\"lazy\" decoding=\"async\" width=\"1024\" height=\"576\" src=\"https:\/\/www.naircenter.com\/wp-content\/uploads\/2025\/04\/IMG_1196-1024x576.jpeg\" class=\"attachment-large size-large\" alt=\"\" srcset=\"https:\/\/www.naircenter.com\/wp-content\/uploads\/2025\/04\/IMG_1196-1024x576.jpeg 1024w, https:\/\/www.naircenter.com\/wp-content\/uploads\/2025\/04\/IMG_1196-300x169.jpeg 300w, https:\/\/www.naircenter.com\/wp-content\/uploads\/2025\/04\/IMG_1196-768x432.jpeg 768w, https:\/\/www.naircenter.com\/wp-content\/uploads\/2025\/04\/IMG_1196-1536x864.jpeg 1536w, https:\/\/www.naircenter.com\/wp-content\/uploads\/2025\/04\/IMG_1196-2048x1152.jpeg 2048w\" sizes=\"auto, (max-width: 1024px) 100vw, 1024px\" \/><\/a>\n\t\t\t<\/dt><\/dl><dl class='gallery-item'>\n\t\t\t<dt class='gallery-icon landscape'>\n\t\t\t\t<a href='https:\/\/www.naircenter.com\/en\/mercedes-siles-calls-for-ethical-artificial-intelligence-in-the-service-of-human-development\/img_1200-2\/'><img loading=\"lazy\" decoding=\"async\" width=\"1024\" height=\"576\" src=\"https:\/\/www.naircenter.com\/wp-content\/uploads\/2025\/04\/IMG_1200-1024x576.jpeg\" class=\"attachment-large size-large\" alt=\"\" srcset=\"https:\/\/www.naircenter.com\/wp-content\/uploads\/2025\/04\/IMG_1200-1024x576.jpeg 1024w, https:\/\/www.naircenter.com\/wp-content\/uploads\/2025\/04\/IMG_1200-300x169.jpeg 300w, https:\/\/www.naircenter.com\/wp-content\/uploads\/2025\/04\/IMG_1200-768x432.jpeg 768w, https:\/\/www.naircenter.com\/wp-content\/uploads\/2025\/04\/IMG_1200-1536x864.jpeg 1536w, https:\/\/www.naircenter.com\/wp-content\/uploads\/2025\/04\/IMG_1200-2048x1152.jpeg 2048w\" sizes=\"auto, (max-width: 1024px) 100vw, 1024px\" \/><\/a>\n\t\t\t<\/dt><\/dl><br style=\"clear: both\" \/><dl class='gallery-item'>\n\t\t\t<dt class='gallery-icon landscape'>\n\t\t\t\t<a href='https:\/\/www.naircenter.com\/en\/mercedes-siles-calls-for-ethical-artificial-intelligence-in-the-service-of-human-development\/img_1218-2\/'><img loading=\"lazy\" decoding=\"async\" width=\"1024\" height=\"576\" src=\"https:\/\/www.naircenter.com\/wp-content\/uploads\/2025\/04\/IMG_1218-1024x576.jpeg\" class=\"attachment-large size-large\" alt=\"\" srcset=\"https:\/\/www.naircenter.com\/wp-content\/uploads\/2025\/04\/IMG_1218-1024x576.jpeg 1024w, https:\/\/www.naircenter.com\/wp-content\/uploads\/2025\/04\/IMG_1218-300x169.jpeg 300w, https:\/\/www.naircenter.com\/wp-content\/uploads\/2025\/04\/IMG_1218-768x432.jpeg 768w, https:\/\/www.naircenter.com\/wp-content\/uploads\/2025\/04\/IMG_1218-1536x864.jpeg 1536w, https:\/\/www.naircenter.com\/wp-content\/uploads\/2025\/04\/IMG_1218-2048x1152.jpeg 2048w\" sizes=\"auto, (max-width: 1024px) 100vw, 1024px\" \/><\/a>\n\t\t\t<\/dt><\/dl><dl class='gallery-item'>\n\t\t\t<dt class='gallery-icon landscape'>\n\t\t\t\t<a href='https:\/\/www.naircenter.com\/en\/mercedes-siles-calls-for-ethical-artificial-intelligence-in-the-service-of-human-development\/img_1212-2\/'><img loading=\"lazy\" decoding=\"async\" width=\"1024\" height=\"576\" src=\"https:\/\/www.naircenter.com\/wp-content\/uploads\/2025\/04\/IMG_1212-1024x576.jpeg\" class=\"attachment-large size-large\" alt=\"\" srcset=\"https:\/\/www.naircenter.com\/wp-content\/uploads\/2025\/04\/IMG_1212-1024x576.jpeg 1024w, https:\/\/www.naircenter.com\/wp-content\/uploads\/2025\/04\/IMG_1212-300x169.jpeg 300w, https:\/\/www.naircenter.com\/wp-content\/uploads\/2025\/04\/IMG_1212-768x432.jpeg 768w, https:\/\/www.naircenter.com\/wp-content\/uploads\/2025\/04\/IMG_1212-1536x864.jpeg 1536w, https:\/\/www.naircenter.com\/wp-content\/uploads\/2025\/04\/IMG_1212-2048x1152.jpeg 2048w\" sizes=\"auto, (max-width: 1024px) 100vw, 1024px\" \/><\/a>\n\t\t\t<\/dt><\/dl><br style=\"clear: both\" \/>\n\t\t<\/div>\n\n<p><strong>About Mercedes Siles<\/strong><\/p>\n<p>Mercedes Siles Molina is Professor of Algebra at the University of M\u00e1laga, a full member of the Academia Malague\u00f1a de Ciencias and former Director-General of ANECA. She has an extensive track record in academic quality assessment, scientific leadership and the promotion of equality. She has driven initiatives such as the ongoing study on the university gender pay gap, the introduction of micro-credentials with a gender perspective and the reform of criteria in Health Sciences.<\/p>\n<p>In addition, she has published more than 60 works in mathematics, art and knowledge management, and has curated exhibitions such as \u201cThe flavour of Mathematics\u201d and \u201cParallel universes in dialogue\u201d. She has collaborated with institutions in more than 20 countries and has received recognitions such as the Farola Ciencia Award, the Meridiana Award and inclusion in the Top 100 Women Leaders. She is also the driving force behind programmes such as STEMatEsElla and founder of the Andalusian node of AMIT.<\/p>\n<p>Mercedes Siles Molina will be one of the speakers at the upcoming National Congress on Artificial Intelligence organised by NAIR Center and the Government of Navarra, which will take place on 6 May at the Baluarte Conference Centre, Pamplona.<\/p>\n<p>More information: <a href=\"https:\/\/www.naircenter.com\/en\/national-ai-congress\/?utm_source=chatgpt.com\">https:\/\/www.naircenter.com\/evento-congreso-nacional-ia\/<\/a><\/p>\n<\/div>\n","protected":false},"excerpt":{"rendered":"<p>The Professor of Algebra gave a seminar in Pamplona in which she addressed the risks posed by pernicious algorithms and the keys to responsible, regulated design. Pamplona, 23 April 2025&#8230;<\/p>\n","protected":false},"author":2,"featured_media":2334,"comment_status":"closed","ping_status":"closed","sticky":false,"template":"","format":"standard","meta":{"footnotes":""},"categories":[1],"tags":[],"class_list":{"0":"post-2345","1":"post","2":"type-post","3":"status-publish","4":"format-standard","5":"has-post-thumbnail","7":"category-sin-categorizar"},"yoast_head":"<!-- This site is optimized with the Yoast SEO plugin v27.3 - https:\/\/yoast.com\/product\/yoast-seo-wordpress\/ -->\n<title>Mercedes Siles calls for ethical artificial intelligence in the service of human development - NAIR<\/title>\n<meta name=\"robots\" content=\"index, follow, max-snippet:-1, max-image-preview:large, max-video-preview:-1\" \/>\n<link rel=\"canonical\" href=\"https:\/\/www.naircenter.com\/en\/mercedes-siles-calls-for-ethical-artificial-intelligence-in-the-service-of-human-development\/\" \/>\n<meta property=\"og:locale\" content=\"en_US\" \/>\n<meta property=\"og:type\" content=\"article\" \/>\n<meta property=\"og:title\" content=\"Mercedes Siles calls for ethical artificial intelligence in the service of human development - NAIR\" \/>\n<meta property=\"og:description\" content=\"The Professor of Algebra gave a seminar in Pamplona in which she addressed the risks posed by pernicious algorithms and the keys to responsible, regulated design. Pamplona, 23 April 2025...\" \/>\n<meta property=\"og:url\" content=\"https:\/\/www.naircenter.com\/en\/mercedes-siles-calls-for-ethical-artificial-intelligence-in-the-service-of-human-development\/\" \/>\n<meta property=\"og:site_name\" content=\"NAIR\" \/>\n<meta property=\"article:published_time\" content=\"2025-04-24T11:02:43+00:00\" \/>\n<meta property=\"article:modified_time\" content=\"2026-03-03T15:58:08+00:00\" \/>\n<meta property=\"og:image\" content=\"https:\/\/www.naircenter.com\/wp-content\/uploads\/2025\/04\/IMG_1200-scaled.jpeg\" \/>\n\t<meta property=\"og:image:width\" content=\"2560\" \/>\n\t<meta property=\"og:image:height\" content=\"1440\" \/>\n\t<meta property=\"og:image:type\" content=\"image\/jpeg\" \/>\n<meta name=\"author\" content=\"Carlota Cort\u00e9s\" \/>\n<meta name=\"twitter:card\" content=\"summary_large_image\" \/>\n<meta name=\"twitter:label1\" content=\"Written by\" \/>\n\t<meta name=\"twitter:data1\" content=\"Carlota Cort\u00e9s\" \/>\n\t<meta name=\"twitter:label2\" content=\"Est. reading time\" \/>\n\t<meta name=\"twitter:data2\" content=\"3 minutes\" \/>\n<script type=\"application\/ld+json\" class=\"yoast-schema-graph\">{\"@context\":\"https:\\\/\\\/schema.org\",\"@graph\":[{\"@type\":\"Article\",\"@id\":\"https:\\\/\\\/www.naircenter.com\\\/en\\\/mercedes-siles-calls-for-ethical-artificial-intelligence-in-the-service-of-human-development\\\/#article\",\"isPartOf\":{\"@id\":\"https:\\\/\\\/www.naircenter.com\\\/en\\\/mercedes-siles-calls-for-ethical-artificial-intelligence-in-the-service-of-human-development\\\/\"},\"author\":{\"name\":\"Carlota Cort\u00e9s\",\"@id\":\"https:\\\/\\\/www.naircenter.com\\\/#\\\/schema\\\/person\\\/f4940c0320240ffcb2baddbd099d31fa\"},\"headline\":\"Mercedes Siles calls for ethical artificial intelligence in the service of human development\",\"datePublished\":\"2025-04-24T11:02:43+00:00\",\"dateModified\":\"2026-03-03T15:58:08+00:00\",\"mainEntityOfPage\":{\"@id\":\"https:\\\/\\\/www.naircenter.com\\\/en\\\/mercedes-siles-calls-for-ethical-artificial-intelligence-in-the-service-of-human-development\\\/\"},\"wordCount\":604,\"publisher\":{\"@id\":\"https:\\\/\\\/www.naircenter.com\\\/#organization\"},\"image\":{\"@id\":\"https:\\\/\\\/www.naircenter.com\\\/en\\\/mercedes-siles-calls-for-ethical-artificial-intelligence-in-the-service-of-human-development\\\/#primaryimage\"},\"thumbnailUrl\":\"https:\\\/\\\/www.naircenter.com\\\/wp-content\\\/uploads\\\/2025\\\/04\\\/IMG_1200-scaled.jpeg\",\"articleSection\":[\"Sin categorizar\"],\"inLanguage\":\"en-US\"},{\"@type\":\"WebPage\",\"@id\":\"https:\\\/\\\/www.naircenter.com\\\/en\\\/mercedes-siles-calls-for-ethical-artificial-intelligence-in-the-service-of-human-development\\\/\",\"url\":\"https:\\\/\\\/www.naircenter.com\\\/en\\\/mercedes-siles-calls-for-ethical-artificial-intelligence-in-the-service-of-human-development\\\/\",\"name\":\"Mercedes Siles calls for ethical artificial intelligence in the service of human development - NAIR\",\"isPartOf\":{\"@id\":\"https:\\\/\\\/www.naircenter.com\\\/#website\"},\"primaryImageOfPage\":{\"@id\":\"https:\\\/\\\/www.naircenter.com\\\/en\\\/mercedes-siles-calls-for-ethical-artificial-intelligence-in-the-service-of-human-development\\\/#primaryimage\"},\"image\":{\"@id\":\"https:\\\/\\\/www.naircenter.com\\\/en\\\/mercedes-siles-calls-for-ethical-artificial-intelligence-in-the-service-of-human-development\\\/#primaryimage\"},\"thumbnailUrl\":\"https:\\\/\\\/www.naircenter.com\\\/wp-content\\\/uploads\\\/2025\\\/04\\\/IMG_1200-scaled.jpeg\",\"datePublished\":\"2025-04-24T11:02:43+00:00\",\"dateModified\":\"2026-03-03T15:58:08+00:00\",\"breadcrumb\":{\"@id\":\"https:\\\/\\\/www.naircenter.com\\\/en\\\/mercedes-siles-calls-for-ethical-artificial-intelligence-in-the-service-of-human-development\\\/#breadcrumb\"},\"inLanguage\":\"en-US\",\"potentialAction\":[{\"@type\":\"ReadAction\",\"target\":[\"https:\\\/\\\/www.naircenter.com\\\/en\\\/mercedes-siles-calls-for-ethical-artificial-intelligence-in-the-service-of-human-development\\\/\"]}]},{\"@type\":\"ImageObject\",\"inLanguage\":\"en-US\",\"@id\":\"https:\\\/\\\/www.naircenter.com\\\/en\\\/mercedes-siles-calls-for-ethical-artificial-intelligence-in-the-service-of-human-development\\\/#primaryimage\",\"url\":\"https:\\\/\\\/www.naircenter.com\\\/wp-content\\\/uploads\\\/2025\\\/04\\\/IMG_1200-scaled.jpeg\",\"contentUrl\":\"https:\\\/\\\/www.naircenter.com\\\/wp-content\\\/uploads\\\/2025\\\/04\\\/IMG_1200-scaled.jpeg\",\"width\":2560,\"height\":1440},{\"@type\":\"BreadcrumbList\",\"@id\":\"https:\\\/\\\/www.naircenter.com\\\/en\\\/mercedes-siles-calls-for-ethical-artificial-intelligence-in-the-service-of-human-development\\\/#breadcrumb\",\"itemListElement\":[{\"@type\":\"ListItem\",\"position\":1,\"name\":\"Portada\",\"item\":\"https:\\\/\\\/www.naircenter.com\\\/en\\\/\"},{\"@type\":\"ListItem\",\"position\":2,\"name\":\"Mercedes Siles calls for ethical artificial intelligence in the service of human development\"}]},{\"@type\":\"WebSite\",\"@id\":\"https:\\\/\\\/www.naircenter.com\\\/#website\",\"url\":\"https:\\\/\\\/www.naircenter.com\\\/\",\"name\":\"NAIR\",\"description\":\"\",\"publisher\":{\"@id\":\"https:\\\/\\\/www.naircenter.com\\\/#organization\"},\"potentialAction\":[{\"@type\":\"SearchAction\",\"target\":{\"@type\":\"EntryPoint\",\"urlTemplate\":\"https:\\\/\\\/www.naircenter.com\\\/?s={search_term_string}\"},\"query-input\":{\"@type\":\"PropertyValueSpecification\",\"valueRequired\":true,\"valueName\":\"search_term_string\"}}],\"inLanguage\":\"en-US\"},{\"@type\":\"Organization\",\"@id\":\"https:\\\/\\\/www.naircenter.com\\\/#organization\",\"name\":\"NAIR\",\"url\":\"https:\\\/\\\/www.naircenter.com\\\/\",\"logo\":{\"@type\":\"ImageObject\",\"inLanguage\":\"en-US\",\"@id\":\"https:\\\/\\\/www.naircenter.com\\\/#\\\/schema\\\/logo\\\/image\\\/\",\"url\":\"https:\\\/\\\/www.naircenter.com\\\/wp-content\\\/uploads\\\/2023\\\/11\\\/nair-logo-n.png\",\"contentUrl\":\"https:\\\/\\\/www.naircenter.com\\\/wp-content\\\/uploads\\\/2023\\\/11\\\/nair-logo-n.png\",\"width\":450,\"height\":108,\"caption\":\"NAIR\"},\"image\":{\"@id\":\"https:\\\/\\\/www.naircenter.com\\\/#\\\/schema\\\/logo\\\/image\\\/\"}},{\"@type\":\"Person\",\"@id\":\"https:\\\/\\\/www.naircenter.com\\\/#\\\/schema\\\/person\\\/f4940c0320240ffcb2baddbd099d31fa\",\"name\":\"Carlota Cort\u00e9s\"}]}<\/script>\n<!-- \/ Yoast SEO plugin. -->","yoast_head_json":{"title":"Mercedes Siles calls for ethical artificial intelligence in the service of human development - NAIR","robots":{"index":"index","follow":"follow","max-snippet":"max-snippet:-1","max-image-preview":"max-image-preview:large","max-video-preview":"max-video-preview:-1"},"canonical":"https:\/\/www.naircenter.com\/en\/mercedes-siles-calls-for-ethical-artificial-intelligence-in-the-service-of-human-development\/","og_locale":"en_US","og_type":"article","og_title":"Mercedes Siles calls for ethical artificial intelligence in the service of human development - NAIR","og_description":"The Professor of Algebra gave a seminar in Pamplona in which she addressed the risks posed by pernicious algorithms and the keys to responsible, regulated design. Pamplona, 23 April 2025...","og_url":"https:\/\/www.naircenter.com\/en\/mercedes-siles-calls-for-ethical-artificial-intelligence-in-the-service-of-human-development\/","og_site_name":"NAIR","article_published_time":"2025-04-24T11:02:43+00:00","article_modified_time":"2026-03-03T15:58:08+00:00","og_image":[{"width":2560,"height":1440,"url":"https:\/\/www.naircenter.com\/wp-content\/uploads\/2025\/04\/IMG_1200-scaled.jpeg","type":"image\/jpeg"}],"author":"Carlota Cort\u00e9s","twitter_card":"summary_large_image","twitter_misc":{"Written by":"Carlota Cort\u00e9s","Est. reading time":"3 minutes"},"schema":{"@context":"https:\/\/schema.org","@graph":[{"@type":"Article","@id":"https:\/\/www.naircenter.com\/en\/mercedes-siles-calls-for-ethical-artificial-intelligence-in-the-service-of-human-development\/#article","isPartOf":{"@id":"https:\/\/www.naircenter.com\/en\/mercedes-siles-calls-for-ethical-artificial-intelligence-in-the-service-of-human-development\/"},"author":{"name":"Carlota Cort\u00e9s","@id":"https:\/\/www.naircenter.com\/#\/schema\/person\/f4940c0320240ffcb2baddbd099d31fa"},"headline":"Mercedes Siles calls for ethical artificial intelligence in the service of human development","datePublished":"2025-04-24T11:02:43+00:00","dateModified":"2026-03-03T15:58:08+00:00","mainEntityOfPage":{"@id":"https:\/\/www.naircenter.com\/en\/mercedes-siles-calls-for-ethical-artificial-intelligence-in-the-service-of-human-development\/"},"wordCount":604,"publisher":{"@id":"https:\/\/www.naircenter.com\/#organization"},"image":{"@id":"https:\/\/www.naircenter.com\/en\/mercedes-siles-calls-for-ethical-artificial-intelligence-in-the-service-of-human-development\/#primaryimage"},"thumbnailUrl":"https:\/\/www.naircenter.com\/wp-content\/uploads\/2025\/04\/IMG_1200-scaled.jpeg","articleSection":["Sin categorizar"],"inLanguage":"en-US"},{"@type":"WebPage","@id":"https:\/\/www.naircenter.com\/en\/mercedes-siles-calls-for-ethical-artificial-intelligence-in-the-service-of-human-development\/","url":"https:\/\/www.naircenter.com\/en\/mercedes-siles-calls-for-ethical-artificial-intelligence-in-the-service-of-human-development\/","name":"Mercedes Siles calls for ethical artificial intelligence in the service of human development - NAIR","isPartOf":{"@id":"https:\/\/www.naircenter.com\/#website"},"primaryImageOfPage":{"@id":"https:\/\/www.naircenter.com\/en\/mercedes-siles-calls-for-ethical-artificial-intelligence-in-the-service-of-human-development\/#primaryimage"},"image":{"@id":"https:\/\/www.naircenter.com\/en\/mercedes-siles-calls-for-ethical-artificial-intelligence-in-the-service-of-human-development\/#primaryimage"},"thumbnailUrl":"https:\/\/www.naircenter.com\/wp-content\/uploads\/2025\/04\/IMG_1200-scaled.jpeg","datePublished":"2025-04-24T11:02:43+00:00","dateModified":"2026-03-03T15:58:08+00:00","breadcrumb":{"@id":"https:\/\/www.naircenter.com\/en\/mercedes-siles-calls-for-ethical-artificial-intelligence-in-the-service-of-human-development\/#breadcrumb"},"inLanguage":"en-US","potentialAction":[{"@type":"ReadAction","target":["https:\/\/www.naircenter.com\/en\/mercedes-siles-calls-for-ethical-artificial-intelligence-in-the-service-of-human-development\/"]}]},{"@type":"ImageObject","inLanguage":"en-US","@id":"https:\/\/www.naircenter.com\/en\/mercedes-siles-calls-for-ethical-artificial-intelligence-in-the-service-of-human-development\/#primaryimage","url":"https:\/\/www.naircenter.com\/wp-content\/uploads\/2025\/04\/IMG_1200-scaled.jpeg","contentUrl":"https:\/\/www.naircenter.com\/wp-content\/uploads\/2025\/04\/IMG_1200-scaled.jpeg","width":2560,"height":1440},{"@type":"BreadcrumbList","@id":"https:\/\/www.naircenter.com\/en\/mercedes-siles-calls-for-ethical-artificial-intelligence-in-the-service-of-human-development\/#breadcrumb","itemListElement":[{"@type":"ListItem","position":1,"name":"Portada","item":"https:\/\/www.naircenter.com\/en\/"},{"@type":"ListItem","position":2,"name":"Mercedes Siles calls for ethical artificial intelligence in the service of human development"}]},{"@type":"WebSite","@id":"https:\/\/www.naircenter.com\/#website","url":"https:\/\/www.naircenter.com\/","name":"NAIR","description":"","publisher":{"@id":"https:\/\/www.naircenter.com\/#organization"},"potentialAction":[{"@type":"SearchAction","target":{"@type":"EntryPoint","urlTemplate":"https:\/\/www.naircenter.com\/?s={search_term_string}"},"query-input":{"@type":"PropertyValueSpecification","valueRequired":true,"valueName":"search_term_string"}}],"inLanguage":"en-US"},{"@type":"Organization","@id":"https:\/\/www.naircenter.com\/#organization","name":"NAIR","url":"https:\/\/www.naircenter.com\/","logo":{"@type":"ImageObject","inLanguage":"en-US","@id":"https:\/\/www.naircenter.com\/#\/schema\/logo\/image\/","url":"https:\/\/www.naircenter.com\/wp-content\/uploads\/2023\/11\/nair-logo-n.png","contentUrl":"https:\/\/www.naircenter.com\/wp-content\/uploads\/2023\/11\/nair-logo-n.png","width":450,"height":108,"caption":"NAIR"},"image":{"@id":"https:\/\/www.naircenter.com\/#\/schema\/logo\/image\/"}},{"@type":"Person","@id":"https:\/\/www.naircenter.com\/#\/schema\/person\/f4940c0320240ffcb2baddbd099d31fa","name":"Carlota Cort\u00e9s"}]}},"_links":{"self":[{"href":"https:\/\/www.naircenter.com\/en\/wp-json\/wp\/v2\/posts\/2345","targetHints":{"allow":["GET"]}}],"collection":[{"href":"https:\/\/www.naircenter.com\/en\/wp-json\/wp\/v2\/posts"}],"about":[{"href":"https:\/\/www.naircenter.com\/en\/wp-json\/wp\/v2\/types\/post"}],"author":[{"embeddable":true,"href":"https:\/\/www.naircenter.com\/en\/wp-json\/wp\/v2\/users\/2"}],"replies":[{"embeddable":true,"href":"https:\/\/www.naircenter.com\/en\/wp-json\/wp\/v2\/comments?post=2345"}],"version-history":[{"count":5,"href":"https:\/\/www.naircenter.com\/en\/wp-json\/wp\/v2\/posts\/2345\/revisions"}],"predecessor-version":[{"id":3792,"href":"https:\/\/www.naircenter.com\/en\/wp-json\/wp\/v2\/posts\/2345\/revisions\/3792"}],"wp:featuredmedia":[{"embeddable":true,"href":"https:\/\/www.naircenter.com\/en\/wp-json\/wp\/v2\/media\/2334"}],"wp:attachment":[{"href":"https:\/\/www.naircenter.com\/en\/wp-json\/wp\/v2\/media?parent=2345"}],"wp:term":[{"taxonomy":"category","embeddable":true,"href":"https:\/\/www.naircenter.com\/en\/wp-json\/wp\/v2\/categories?post=2345"},{"taxonomy":"post_tag","embeddable":true,"href":"https:\/\/www.naircenter.com\/en\/wp-json\/wp\/v2\/tags?post=2345"}],"curies":[{"name":"wp","href":"https:\/\/api.w.org\/{rel}","templated":true}]}}