{"id":2393,"date":"2025-05-06T15:13:56","date_gmt":"2025-05-06T13:13:56","guid":{"rendered":"https:\/\/www.naircenter.com\/navarra-lidera-el-debate-sobre-inteligencia-artificial-etica-con-el-congreso-tecnologia-al-servicio-de-las-personas\/"},"modified":"2026-03-03T17:00:02","modified_gmt":"2026-03-03T16:00:02","slug":"navarra-leads-the-debate-on-ethical-artificial-intelligence-with-the-technology-at-the-service-of-people-congress","status":"publish","type":"post","link":"https:\/\/www.naircenter.com\/en\/navarra-leads-the-debate-on-ethical-artificial-intelligence-with-the-technology-at-the-service-of-people-congress\/","title":{"rendered":"Navarra leads the debate on ethical artificial intelligence with the \u2018Technology at the Service of People\u2019 Congress"},"content":{"rendered":"<div style=\"text-align: justify;\">\n<h3>Vice-President Taberna highlights that \u201cNavarra is a territory of vanguard and innovation\u201d, with departments and public companies that have been incorporating AI since 2018 in the public sphere and in the business ecosystem.<\/h3>\n<div class=\"new-detail-content free-text-regular-18 evo\">\n<p>The Baluarte Conference Centre and Auditorium in Pamplona \/ Iru\u00f1a today hosts the presentation of the National Congress on Artificial Intelligence \u2018Technology at the Service of People\u2019, a flagship event promoted by the Department for the Presidency and Equality of the Government of Navarra and NAIR Center (Navarra Artificial Intelligence Research Center), with the collaboration of Centro VIDAAS. Its purpose is to place the Chartered Community at the forefront of debate on the role of artificial intelligence in society.<\/p>\n<p>This congress sits within Navarra\u2019s digital transformation strategy, which supports an ethical, sustainable and humanist implementation of artificial intelligence. Rather than taking a purely technological approach, the event adopts a cross-cutting perspective that addresses the social, legal, economic and cultural dimensions of AI, fostering open dialogue among experts, institutions, the business sector, academia and the public.<\/p>\n<p><strong>Ethics, collaboration and civil rights in a digitalised environment<\/strong><br \/>\nThroughout the day, which brings together more than 400 people, three major strategic strands are addressed: ethical reflection on the design and use of AI systems; analysis of its impact on key sectors such as employment, education, health and the environment; and the need to build a collaborative innovation ecosystem bringing together universities, research centres, public administrations, technology companies and civil society.<\/p>\n<p>The session begins with a welcome from Gorka Garc\u00eda, Managing Director of NAIR Center, who highlights Navarra\u2019s strategic role as a territory committed to people-centred AI. Next, F\u00e9lix Taberna, First Vice-President and Regional Minister for the Presidency and Equality of the Government of Navarra, speaks of the importance of collective thinking as a driver of technological progress: \u201cKnowledge advances when it meets. Major technological transformations do not arise from isolation, but from the crossing of knowledge, sectors and generations. Companies, universities, institutions and citizens must cooperate and think together,\u201d he notes.<\/p>\n<p>Taberna also calls for a new \u2018digital Enlightenment\u2019 that combines technology and conscience: \u201cJust as, in the eighteenth century, reason was demanded in the face of dogma, today we need a defence of humanity and ethics in the face of creating artificial intelligence without reflection. Technology and conscience must go hand in hand to build a freer and more egalitarian society.\u201d<\/p>\n<p>The opening keynote is delivered by Leonardo Cervera, Secretary-General of the European Data Protection Supervisor, who analyses the different international models for AI development and the challenges of the European approach, especially in terms of regulation, privacy and ethics.<\/p>\n<p>Alfonso Lara, Executive Director of the European Social Network, gives the second keynote of the morning, focusing on the social transformation that artificial intelligence is already generating and on the future that this technology is outlining for European citizens.<\/p>\n<p>The first panel discussion, entitled \u2018AI and ethical algorithms: challenges and solutions\u2019, brings together Mercedes Siles (University of M\u00e1laga), Pilar Le\u00f3n (University of Navarra) and Ulises Cort\u00e9s (UPC and Barcelona Supercomputing Center). Moderated by Rosa Jaso, they address moral dilemmas and the frameworks for action needed to ensure fairness and transparency in algorithmic systems.<\/p>\n<p>After the break, the second panel discussion explores \u2018Digital rights and AI regulation\u2019 in greater depth. Aritz Romeo (Public University of Navarra), Leire Arbona (Veridas), Margarita Castilla (University of C\u00e1diz) and Cristina Villasante (ECIJA) debate legislative progress and legal safeguards in new digital scenarios. Pilar Bensus\u00e1n (University of Granada) acts as moderator.<\/p>\n<p>The programme continues with an open debate on the \u2018Benefits and risks of AI: knowledge, judgement, capability?\u2019, with the participation of Maria Moya (Prodigioso Volc\u00e1n), Carlos Fern\u00e1ndez de Vigo (Dr. Platypus &amp; Ms. Wombat), Luis Villa del Campo (Accenture Europe) and \u00c0urea Rodr\u00edguez (EIT Culture &amp; Creativity), moderated by \u00c1ngela Bernardini of NAIR Center. The speakers analyse how to prioritise human values in the design and use of AI.<\/p>\n<p>The third panel discussion is entitled \u2018Applications of AI in society: success stories, social innovation and trends\u2019. Speakers include Marisol G\u00f3mez (NAIR Center and UPNA), Idoia Urmeneta (Centro VidAAs), Gemma Bot\u00edn (Fundaci\u00f3n Caja Navarra) and Mar Pereira (Xunta de Galicia), moderated by Paloma Llaneza (Razona LegalTech). The speakers share concrete examples of how AI is already helping to improve public services, healthcare and smart rural development.<\/p>\n<p>In the interview held under the heading \u2018AI and social structure: where are we heading?\u2019, Jaime Garc\u00eda, Director of Retina (PRISA Media), talks with Enrique Go\u00f1i, President of the Hermes Foundation. The conversation is led by Luisa Alli, Managing Director of the same entity.<\/p>\n<p>The final keynote is delivered by Alicia As\u00edn, CEO and co-founder of Libelium, who addresses the transformative role of artificial intelligence as a tool to improve quality of life, from health to urban sustainability.<\/p>\n<p>The institutional closing is delivered by the Regional Minister for Universities, Innovation and Digital Transformation, Juan Luis Garc\u00eda, who highlights in his remarks Navarra\u2019s commitment to a model of technological development centred on citizens. \u201cArtificial intelligence is not an end in itself, but a tool to improve lives and build a fairer, more inclusive and more sustainable society,\u201d he states.<\/p>\n<p>The Regional Minister Garc\u00eda also explains that Navarra \u201cis working with determination to position itself at the forefront of digital transformation, with a model based on ethics, transparency and talent\u201d. In his remarks, he stresses that AI \u201cdoes not replace public services; it enhances them\u201d, referring to projects already under way in education, health and justice. \u201cAI must serve to expand the best of human capability,\u201d the Regional Minister maintains.<\/p>\n<p><strong>Navarra, a territory of vanguard and technological innovation<\/strong><br \/>\nIt should be recalled that, since 2018, the different departments and public companies of the Government of Navarra have been promoting various actions to incorporate Artificial Intelligence both in the public sphere and in the business ecosystem, as First Vice-President F\u00e9lix Taberna indicated in his remarks.<\/p>\n<p>Among these, the creation in 2022 of NAIR Center itself stands out: Navarra\u2019s AI research centre, conceived to improve the competitiveness of the productive fabric and to make the Chartered Community a benchmark in this field. This centre works closely with the Navarra-IRIS Digital Innovation Hub to develop strategic areas such as intelligent data processing, machine learning, disruptive AI and the interaction between artificial intelligence and society.<\/p>\n<p>In the health sector, some diagnostic-support tools are already being used in the public health system, with healthcare professionals always supervising the entire process, as in the case of the early detection of diabetic retinopathies.<\/p>\n<p>In the social sphere, the Government of Navarra has been exploring applications and approaches to optimise the use of AI in the area of social and healthcare support, in collaboration with Centro VidAAs and NAIR Center.<\/p>\n<p>In the administrative sphere, tools for extracting unstructured data have already begun to be used for the management of grants involving large volumes of data, as well as virtual assistants or chatbots, notably those recently incorporated into various citizen service channels of the regional Executive, and the two life-size avatars that act as virtual guides at the General Archive of Navarra, under the names \u2018Archibaldo\u2019 and \u2018Archibalda\u2019. Text-generation tools are also used to reduce the time devoted to administrative tasks.<\/p>\n<p>In October 2024, the Government of Navarra launched, through the Department of Industry and of Ecological and Digital Transition for Business, the first edition of the NavIA Lab S4 Artificial Intelligence Laboratory, an event offering practical training, mentoring and the implementation of AI solutions in specific business processes.<\/p>\n<p>With regard to training, the Servicio Navarro de Empleo \u2013 Nafar Lansare has been offering various courses to support digital skills at different levels, notably those aimed at acquiring advanced skills in Artificial Intelligence, generative AI to improve productivity, ChatGPT, Gemini or Copilot.<\/p>\n<p>In April 2024, the Department for Universities, Innovation and Digital Transformation of the Government of Navarra received the recognition \u2018AI for the improvement of Citizen Services\u2019, for a project that has strengthened digital skills and fostered technological inclusion across the territory through an AI-assisted platform.<\/p>\n<p>With regard to UPNA, in October 2024 it promoted, in collaboration with the public company Tracasa, the Tracasa Chair in Computer Science and Artificial Intelligence. In addition, for the 2025\u20132026 academic year, the first year of the University Master\u2019s degree in \u2018machine learning\u2019 (aprendizaje de m\u00e1quinas) is planned.<\/p>\n<p><strong>A commitment to public\u2013private collaboration<\/strong><br \/>\nThe National AI Congress hosted by Pamplona makes it clear that advances in artificial intelligence cannot depend on isolated efforts. Its development requires constant collaboration between the public and private sectors, as well as a shared commitment to citizen participation and transparency in decision-making. In this respect, Navarra argues for an integrative approach, in which administrations, companies, research centres and civil society work in a coordinated manner to define the course of a technology that will shape the territory\u2019s economic and social future.<\/p>\n<p>Thus, the Chartered Community positions itself as a laboratory of open innovation, both social and technological, that promotes experimentation, knowledge transfer and the design of people-centred solutions. This strategy aligns with the guidelines set out in the Draghi Report on European Competitiveness, which underlines the urgency of strengthening digital sovereignty, reducing external technological dependence and building an economy sustained by knowledge, innovation and talent.<\/p>\n<p>In short, Navarra is committed to a model of AI governance that combines institutional leadership, business momentum and shared social responsibility, with the aim of ensuring that technological development translates into collective well-being and contributes to a fair and sustainable transformation.<\/p>\n<p><strong>An AI consistent with the European Union\u2019s digital rights<\/strong><br \/>\nWith the holding of the National Congress \u2018Technology at the Service of People\u2019, the Government of Navarra consolidates its commitment to an artificial intelligence designed to address social challenges from an ethical and inclusive perspective. The regional Executive is thus committed to an AI conceived as a tool for collective development, aligned with the Charter of Digital Rights and the Declaration of Digital Principles and Rights of the European Union.<\/p>\n<p>Likewise, Navarra\u2019s strategy is articulated in line with the pillars of the National Artificial Intelligence Strategy (ENIA) and aligns with the guidelines of the European AI Strategy, promoting a model of artificial intelligence that prioritises innovation without compromising legal certainty or people\u2019s fundamental rights.<\/p>\n<\/div>\n<\/div>\n","protected":false},"excerpt":{"rendered":"<p>Vice-President Taberna highlights that \u201cNavarra is a territory of vanguard and innovation\u201d, with departments and public companies that have been incorporating AI since 2018 in the public sphere and in&#8230;<\/p>\n","protected":false},"author":2,"featured_media":2390,"comment_status":"closed","ping_status":"closed","sticky":false,"template":"","format":"standard","meta":{"footnotes":""},"categories":[1],"tags":[38],"class_list":{"0":"post-2393","1":"post","2":"type-post","3":"status-publish","4":"format-standard","5":"has-post-thumbnail","7":"category-sin-categorizar","8":"tag-congreso-nacional-ia-en"},"yoast_head":"<!-- This site is optimized with the Yoast SEO plugin v27.3 - https:\/\/yoast.com\/product\/yoast-seo-wordpress\/ -->\n<title>El Congreso Nacional de IA se celebra en Navarra<\/title>\n<meta name=\"description\" content=\"Congreso Nacional de IA sit\u00faa a Navarra a la vanguardia del debate sobre el papel de la inteligencia artificial en la sociedad.\" \/>\n<meta name=\"robots\" content=\"index, follow, max-snippet:-1, max-image-preview:large, max-video-preview:-1\" \/>\n<link rel=\"canonical\" href=\"https:\/\/www.naircenter.com\/en\/navarra-leads-the-debate-on-ethical-artificial-intelligence-with-the-technology-at-the-service-of-people-congress\/\" \/>\n<meta property=\"og:locale\" content=\"en_US\" \/>\n<meta property=\"og:type\" content=\"article\" \/>\n<meta property=\"og:title\" content=\"El Congreso Nacional de IA se celebra en Navarra\" \/>\n<meta property=\"og:description\" content=\"Congreso Nacional de IA sit\u00faa a Navarra a la vanguardia del debate sobre el papel de la inteligencia artificial en la sociedad.\" \/>\n<meta property=\"og:url\" content=\"https:\/\/www.naircenter.com\/en\/navarra-leads-the-debate-on-ethical-artificial-intelligence-with-the-technology-at-the-service-of-people-congress\/\" \/>\n<meta property=\"og:site_name\" content=\"NAIR\" \/>\n<meta property=\"article:published_time\" content=\"2025-05-06T13:13:56+00:00\" \/>\n<meta property=\"article:modified_time\" content=\"2026-03-03T16:00:02+00:00\" \/>\n<meta property=\"og:image\" content=\"https:\/\/www.naircenter.com\/wp-content\/uploads\/2025\/05\/Congreso-Nacional-IA-Foto-de-grupos.jpg\" \/>\n\t<meta property=\"og:image:width\" content=\"1732\" \/>\n\t<meta property=\"og:image:height\" content=\"1154\" \/>\n\t<meta property=\"og:image:type\" content=\"image\/jpeg\" \/>\n<meta name=\"author\" content=\"Carlota Cort\u00e9s\" \/>\n<meta name=\"twitter:card\" content=\"summary_large_image\" \/>\n<meta name=\"twitter:label1\" content=\"Written by\" \/>\n\t<meta name=\"twitter:data1\" content=\"Carlota Cort\u00e9s\" \/>\n\t<meta name=\"twitter:label2\" content=\"Est. reading time\" \/>\n\t<meta name=\"twitter:data2\" content=\"8 minutes\" \/>\n<script type=\"application\/ld+json\" class=\"yoast-schema-graph\">{\"@context\":\"https:\\\/\\\/schema.org\",\"@graph\":[{\"@type\":\"Article\",\"@id\":\"https:\\\/\\\/www.naircenter.com\\\/en\\\/navarra-leads-the-debate-on-ethical-artificial-intelligence-with-the-technology-at-the-service-of-people-congress\\\/#article\",\"isPartOf\":{\"@id\":\"https:\\\/\\\/www.naircenter.com\\\/en\\\/navarra-leads-the-debate-on-ethical-artificial-intelligence-with-the-technology-at-the-service-of-people-congress\\\/\"},\"author\":{\"name\":\"Carlota Cort\u00e9s\",\"@id\":\"https:\\\/\\\/www.naircenter.com\\\/#\\\/schema\\\/person\\\/f4940c0320240ffcb2baddbd099d31fa\"},\"headline\":\"Navarra leads the debate on ethical artificial intelligence with the \u2018Technology at the Service of People\u2019 Congress\",\"datePublished\":\"2025-05-06T13:13:56+00:00\",\"dateModified\":\"2026-03-03T16:00:02+00:00\",\"mainEntityOfPage\":{\"@id\":\"https:\\\/\\\/www.naircenter.com\\\/en\\\/navarra-leads-the-debate-on-ethical-artificial-intelligence-with-the-technology-at-the-service-of-people-congress\\\/\"},\"wordCount\":1728,\"publisher\":{\"@id\":\"https:\\\/\\\/www.naircenter.com\\\/#organization\"},\"image\":{\"@id\":\"https:\\\/\\\/www.naircenter.com\\\/en\\\/navarra-leads-the-debate-on-ethical-artificial-intelligence-with-the-technology-at-the-service-of-people-congress\\\/#primaryimage\"},\"thumbnailUrl\":\"https:\\\/\\\/www.naircenter.com\\\/wp-content\\\/uploads\\\/2025\\\/05\\\/Congreso-Nacional-IA-Foto-de-grupos.jpg\",\"keywords\":[\"Congreso Nacional IA\"],\"articleSection\":[\"Sin categorizar\"],\"inLanguage\":\"en-US\"},{\"@type\":\"WebPage\",\"@id\":\"https:\\\/\\\/www.naircenter.com\\\/en\\\/navarra-leads-the-debate-on-ethical-artificial-intelligence-with-the-technology-at-the-service-of-people-congress\\\/\",\"url\":\"https:\\\/\\\/www.naircenter.com\\\/en\\\/navarra-leads-the-debate-on-ethical-artificial-intelligence-with-the-technology-at-the-service-of-people-congress\\\/\",\"name\":\"El Congreso Nacional de IA se celebra en Navarra\",\"isPartOf\":{\"@id\":\"https:\\\/\\\/www.naircenter.com\\\/#website\"},\"primaryImageOfPage\":{\"@id\":\"https:\\\/\\\/www.naircenter.com\\\/en\\\/navarra-leads-the-debate-on-ethical-artificial-intelligence-with-the-technology-at-the-service-of-people-congress\\\/#primaryimage\"},\"image\":{\"@id\":\"https:\\\/\\\/www.naircenter.com\\\/en\\\/navarra-leads-the-debate-on-ethical-artificial-intelligence-with-the-technology-at-the-service-of-people-congress\\\/#primaryimage\"},\"thumbnailUrl\":\"https:\\\/\\\/www.naircenter.com\\\/wp-content\\\/uploads\\\/2025\\\/05\\\/Congreso-Nacional-IA-Foto-de-grupos.jpg\",\"datePublished\":\"2025-05-06T13:13:56+00:00\",\"dateModified\":\"2026-03-03T16:00:02+00:00\",\"description\":\"Congreso Nacional de IA sit\u00faa a Navarra a la vanguardia del debate sobre el papel de la inteligencia artificial en la sociedad.\",\"breadcrumb\":{\"@id\":\"https:\\\/\\\/www.naircenter.com\\\/en\\\/navarra-leads-the-debate-on-ethical-artificial-intelligence-with-the-technology-at-the-service-of-people-congress\\\/#breadcrumb\"},\"inLanguage\":\"en-US\",\"potentialAction\":[{\"@type\":\"ReadAction\",\"target\":[\"https:\\\/\\\/www.naircenter.com\\\/en\\\/navarra-leads-the-debate-on-ethical-artificial-intelligence-with-the-technology-at-the-service-of-people-congress\\\/\"]}]},{\"@type\":\"ImageObject\",\"inLanguage\":\"en-US\",\"@id\":\"https:\\\/\\\/www.naircenter.com\\\/en\\\/navarra-leads-the-debate-on-ethical-artificial-intelligence-with-the-technology-at-the-service-of-people-congress\\\/#primaryimage\",\"url\":\"https:\\\/\\\/www.naircenter.com\\\/wp-content\\\/uploads\\\/2025\\\/05\\\/Congreso-Nacional-IA-Foto-de-grupos.jpg\",\"contentUrl\":\"https:\\\/\\\/www.naircenter.com\\\/wp-content\\\/uploads\\\/2025\\\/05\\\/Congreso-Nacional-IA-Foto-de-grupos.jpg\",\"width\":1732,\"height\":1154,\"caption\":\"Foto de grupo con los y las ponentes del Congreso Nacional de IA que se ha celebrado en Navarra\"},{\"@type\":\"BreadcrumbList\",\"@id\":\"https:\\\/\\\/www.naircenter.com\\\/en\\\/navarra-leads-the-debate-on-ethical-artificial-intelligence-with-the-technology-at-the-service-of-people-congress\\\/#breadcrumb\",\"itemListElement\":[{\"@type\":\"ListItem\",\"position\":1,\"name\":\"Portada\",\"item\":\"https:\\\/\\\/www.naircenter.com\\\/en\\\/\"},{\"@type\":\"ListItem\",\"position\":2,\"name\":\"Navarra leads the debate on ethical artificial intelligence with the \u2018Technology at the Service of People\u2019 Congress\"}]},{\"@type\":\"WebSite\",\"@id\":\"https:\\\/\\\/www.naircenter.com\\\/#website\",\"url\":\"https:\\\/\\\/www.naircenter.com\\\/\",\"name\":\"NAIR\",\"description\":\"\",\"publisher\":{\"@id\":\"https:\\\/\\\/www.naircenter.com\\\/#organization\"},\"potentialAction\":[{\"@type\":\"SearchAction\",\"target\":{\"@type\":\"EntryPoint\",\"urlTemplate\":\"https:\\\/\\\/www.naircenter.com\\\/?s={search_term_string}\"},\"query-input\":{\"@type\":\"PropertyValueSpecification\",\"valueRequired\":true,\"valueName\":\"search_term_string\"}}],\"inLanguage\":\"en-US\"},{\"@type\":\"Organization\",\"@id\":\"https:\\\/\\\/www.naircenter.com\\\/#organization\",\"name\":\"NAIR\",\"url\":\"https:\\\/\\\/www.naircenter.com\\\/\",\"logo\":{\"@type\":\"ImageObject\",\"inLanguage\":\"en-US\",\"@id\":\"https:\\\/\\\/www.naircenter.com\\\/#\\\/schema\\\/logo\\\/image\\\/\",\"url\":\"https:\\\/\\\/www.naircenter.com\\\/wp-content\\\/uploads\\\/2023\\\/11\\\/nair-logo-n.png\",\"contentUrl\":\"https:\\\/\\\/www.naircenter.com\\\/wp-content\\\/uploads\\\/2023\\\/11\\\/nair-logo-n.png\",\"width\":450,\"height\":108,\"caption\":\"NAIR\"},\"image\":{\"@id\":\"https:\\\/\\\/www.naircenter.com\\\/#\\\/schema\\\/logo\\\/image\\\/\"}},{\"@type\":\"Person\",\"@id\":\"https:\\\/\\\/www.naircenter.com\\\/#\\\/schema\\\/person\\\/f4940c0320240ffcb2baddbd099d31fa\",\"name\":\"Carlota Cort\u00e9s\"}]}<\/script>\n<!-- \/ Yoast SEO plugin. -->","yoast_head_json":{"title":"El Congreso Nacional de IA se celebra en Navarra","description":"Congreso Nacional de IA sit\u00faa a Navarra a la vanguardia del debate sobre el papel de la inteligencia artificial en la sociedad.","robots":{"index":"index","follow":"follow","max-snippet":"max-snippet:-1","max-image-preview":"max-image-preview:large","max-video-preview":"max-video-preview:-1"},"canonical":"https:\/\/www.naircenter.com\/en\/navarra-leads-the-debate-on-ethical-artificial-intelligence-with-the-technology-at-the-service-of-people-congress\/","og_locale":"en_US","og_type":"article","og_title":"El Congreso Nacional de IA se celebra en Navarra","og_description":"Congreso Nacional de IA sit\u00faa a Navarra a la vanguardia del debate sobre el papel de la inteligencia artificial en la sociedad.","og_url":"https:\/\/www.naircenter.com\/en\/navarra-leads-the-debate-on-ethical-artificial-intelligence-with-the-technology-at-the-service-of-people-congress\/","og_site_name":"NAIR","article_published_time":"2025-05-06T13:13:56+00:00","article_modified_time":"2026-03-03T16:00:02+00:00","og_image":[{"width":1732,"height":1154,"url":"https:\/\/www.naircenter.com\/wp-content\/uploads\/2025\/05\/Congreso-Nacional-IA-Foto-de-grupos.jpg","type":"image\/jpeg"}],"author":"Carlota Cort\u00e9s","twitter_card":"summary_large_image","twitter_misc":{"Written by":"Carlota Cort\u00e9s","Est. reading time":"8 minutes"},"schema":{"@context":"https:\/\/schema.org","@graph":[{"@type":"Article","@id":"https:\/\/www.naircenter.com\/en\/navarra-leads-the-debate-on-ethical-artificial-intelligence-with-the-technology-at-the-service-of-people-congress\/#article","isPartOf":{"@id":"https:\/\/www.naircenter.com\/en\/navarra-leads-the-debate-on-ethical-artificial-intelligence-with-the-technology-at-the-service-of-people-congress\/"},"author":{"name":"Carlota Cort\u00e9s","@id":"https:\/\/www.naircenter.com\/#\/schema\/person\/f4940c0320240ffcb2baddbd099d31fa"},"headline":"Navarra leads the debate on ethical artificial intelligence with the \u2018Technology at the Service of People\u2019 Congress","datePublished":"2025-05-06T13:13:56+00:00","dateModified":"2026-03-03T16:00:02+00:00","mainEntityOfPage":{"@id":"https:\/\/www.naircenter.com\/en\/navarra-leads-the-debate-on-ethical-artificial-intelligence-with-the-technology-at-the-service-of-people-congress\/"},"wordCount":1728,"publisher":{"@id":"https:\/\/www.naircenter.com\/#organization"},"image":{"@id":"https:\/\/www.naircenter.com\/en\/navarra-leads-the-debate-on-ethical-artificial-intelligence-with-the-technology-at-the-service-of-people-congress\/#primaryimage"},"thumbnailUrl":"https:\/\/www.naircenter.com\/wp-content\/uploads\/2025\/05\/Congreso-Nacional-IA-Foto-de-grupos.jpg","keywords":["Congreso Nacional IA"],"articleSection":["Sin categorizar"],"inLanguage":"en-US"},{"@type":"WebPage","@id":"https:\/\/www.naircenter.com\/en\/navarra-leads-the-debate-on-ethical-artificial-intelligence-with-the-technology-at-the-service-of-people-congress\/","url":"https:\/\/www.naircenter.com\/en\/navarra-leads-the-debate-on-ethical-artificial-intelligence-with-the-technology-at-the-service-of-people-congress\/","name":"El Congreso Nacional de IA se celebra en Navarra","isPartOf":{"@id":"https:\/\/www.naircenter.com\/#website"},"primaryImageOfPage":{"@id":"https:\/\/www.naircenter.com\/en\/navarra-leads-the-debate-on-ethical-artificial-intelligence-with-the-technology-at-the-service-of-people-congress\/#primaryimage"},"image":{"@id":"https:\/\/www.naircenter.com\/en\/navarra-leads-the-debate-on-ethical-artificial-intelligence-with-the-technology-at-the-service-of-people-congress\/#primaryimage"},"thumbnailUrl":"https:\/\/www.naircenter.com\/wp-content\/uploads\/2025\/05\/Congreso-Nacional-IA-Foto-de-grupos.jpg","datePublished":"2025-05-06T13:13:56+00:00","dateModified":"2026-03-03T16:00:02+00:00","description":"Congreso Nacional de IA sit\u00faa a Navarra a la vanguardia del debate sobre el papel de la inteligencia artificial en la sociedad.","breadcrumb":{"@id":"https:\/\/www.naircenter.com\/en\/navarra-leads-the-debate-on-ethical-artificial-intelligence-with-the-technology-at-the-service-of-people-congress\/#breadcrumb"},"inLanguage":"en-US","potentialAction":[{"@type":"ReadAction","target":["https:\/\/www.naircenter.com\/en\/navarra-leads-the-debate-on-ethical-artificial-intelligence-with-the-technology-at-the-service-of-people-congress\/"]}]},{"@type":"ImageObject","inLanguage":"en-US","@id":"https:\/\/www.naircenter.com\/en\/navarra-leads-the-debate-on-ethical-artificial-intelligence-with-the-technology-at-the-service-of-people-congress\/#primaryimage","url":"https:\/\/www.naircenter.com\/wp-content\/uploads\/2025\/05\/Congreso-Nacional-IA-Foto-de-grupos.jpg","contentUrl":"https:\/\/www.naircenter.com\/wp-content\/uploads\/2025\/05\/Congreso-Nacional-IA-Foto-de-grupos.jpg","width":1732,"height":1154,"caption":"Foto de grupo con los y las ponentes del Congreso Nacional de IA que se ha celebrado en Navarra"},{"@type":"BreadcrumbList","@id":"https:\/\/www.naircenter.com\/en\/navarra-leads-the-debate-on-ethical-artificial-intelligence-with-the-technology-at-the-service-of-people-congress\/#breadcrumb","itemListElement":[{"@type":"ListItem","position":1,"name":"Portada","item":"https:\/\/www.naircenter.com\/en\/"},{"@type":"ListItem","position":2,"name":"Navarra leads the debate on ethical artificial intelligence with the \u2018Technology at the Service of People\u2019 Congress"}]},{"@type":"WebSite","@id":"https:\/\/www.naircenter.com\/#website","url":"https:\/\/www.naircenter.com\/","name":"NAIR","description":"","publisher":{"@id":"https:\/\/www.naircenter.com\/#organization"},"potentialAction":[{"@type":"SearchAction","target":{"@type":"EntryPoint","urlTemplate":"https:\/\/www.naircenter.com\/?s={search_term_string}"},"query-input":{"@type":"PropertyValueSpecification","valueRequired":true,"valueName":"search_term_string"}}],"inLanguage":"en-US"},{"@type":"Organization","@id":"https:\/\/www.naircenter.com\/#organization","name":"NAIR","url":"https:\/\/www.naircenter.com\/","logo":{"@type":"ImageObject","inLanguage":"en-US","@id":"https:\/\/www.naircenter.com\/#\/schema\/logo\/image\/","url":"https:\/\/www.naircenter.com\/wp-content\/uploads\/2023\/11\/nair-logo-n.png","contentUrl":"https:\/\/www.naircenter.com\/wp-content\/uploads\/2023\/11\/nair-logo-n.png","width":450,"height":108,"caption":"NAIR"},"image":{"@id":"https:\/\/www.naircenter.com\/#\/schema\/logo\/image\/"}},{"@type":"Person","@id":"https:\/\/www.naircenter.com\/#\/schema\/person\/f4940c0320240ffcb2baddbd099d31fa","name":"Carlota Cort\u00e9s"}]}},"_links":{"self":[{"href":"https:\/\/www.naircenter.com\/en\/wp-json\/wp\/v2\/posts\/2393","targetHints":{"allow":["GET"]}}],"collection":[{"href":"https:\/\/www.naircenter.com\/en\/wp-json\/wp\/v2\/posts"}],"about":[{"href":"https:\/\/www.naircenter.com\/en\/wp-json\/wp\/v2\/types\/post"}],"author":[{"embeddable":true,"href":"https:\/\/www.naircenter.com\/en\/wp-json\/wp\/v2\/users\/2"}],"replies":[{"embeddable":true,"href":"https:\/\/www.naircenter.com\/en\/wp-json\/wp\/v2\/comments?post=2393"}],"version-history":[{"count":4,"href":"https:\/\/www.naircenter.com\/en\/wp-json\/wp\/v2\/posts\/2393\/revisions"}],"predecessor-version":[{"id":3794,"href":"https:\/\/www.naircenter.com\/en\/wp-json\/wp\/v2\/posts\/2393\/revisions\/3794"}],"wp:featuredmedia":[{"embeddable":true,"href":"https:\/\/www.naircenter.com\/en\/wp-json\/wp\/v2\/media\/2390"}],"wp:attachment":[{"href":"https:\/\/www.naircenter.com\/en\/wp-json\/wp\/v2\/media?parent=2393"}],"wp:term":[{"taxonomy":"category","embeddable":true,"href":"https:\/\/www.naircenter.com\/en\/wp-json\/wp\/v2\/categories?post=2393"},{"taxonomy":"post_tag","embeddable":true,"href":"https:\/\/www.naircenter.com\/en\/wp-json\/wp\/v2\/tags?post=2393"}],"curies":[{"name":"wp","href":"https:\/\/api.w.org\/{rel}","templated":true}]}}