{"id":3228,"date":"2025-11-26T11:49:45","date_gmt":"2025-11-26T10:49:45","guid":{"rendered":"https:\/\/www.naircenter.com\/?p=3228"},"modified":"2026-01-07T11:59:32","modified_gmt":"2026-01-07T10:59:32","slug":"a-doctoral-student-at-the-nair-center-ai-applied-to-neuroscience","status":"publish","type":"post","link":"https:\/\/www.naircenter.com\/en\/a-doctoral-student-at-the-nair-center-ai-applied-to-neuroscience\/","title":{"rendered":"Juan Pedro Garc\u00eda, a doctoral student at the NAIR Center, begins a stay in Italy to advance in AI applied to neuroscience"},"content":{"rendered":"<h3>The researcher will spend six months at the University of Salerno, alongside two international leaders in artificial intelligence applied to biomedical data analysis<\/h3>\n<p>&nbsp;<\/p>\n<p>Pamplona, 26 November 2025 \u2014 Researcher Juan Pedro Garc\u00eda Ortiz, a doctoral student at the NAIR Center and the\u00a0<a href=\"http:\/\/www.unavarra.es\/\"> Public University de Navarre (UPNA, by its initials in Spanish)<\/a>, has begun a six-month research stay at the\u00a0<a href=\"https:\/\/www.unisa.it\/\">University ofe Salerno\u00a0<\/a>(Italy). During this time, he will work under the supervision of Francesco Bardozzo and Roberto Tagliaferri, researchers at the University of Salerno and international leaders in artificial intelligence applied to biomedical data analysis.<\/p>\n<p>His stay is part of a dual doctoral programme between the UPNA and the University of Salerno, which will enable the researcher to obtain a PhD from both institutions, thereby strengthening scientific collaboration between Navarre and the Salerno region.<\/p>\n<p>During this period, Garc\u00eda Ortiz will focus his research on optimising models for Motor Imagination (MI) analysis based on EEG signals. The aim is to create an AI system capable of understanding brain signals as they occur and using these signals to control a computer. This is being done to help people who suffer from paralysis due to a cerebrovascular accident such as a stroke. Many of these people have difficulty moving one side of their body. This AI will be able to detect that the patient is trying to move the paralysed part and, based on the type of movement they are trying to make, the programme will generate a response. It is mainly intended for rehabilitation, although it would also allow the creation of devices that patients can control with their thoughts to help them in their daily lives.<\/p>\n<p>In addition, the stay will help Juan Pedro finalise the mouse spinal cord model and develop AI tools for predicting functional connectivity. This will provide a better understanding of how the spinal cord processes and transmits pain signals from the body to the brain, opening the door to new therapies for pain treatment.\u00a0Another key objective is to delve deeper into the mechanisms of attention in AI, a fundamental technique in recent advances in molecular modelling and large language models (LLMs) with the aim of designing new molecules with therapeutic potential.<\/p>\n<p>Juan Pedro Garc\u00eda holds a degree in Biotechnology from the University of Murcia and completed a Master\u2019s degree in Basic and Applied Neuroscience at the University of Valencia and a Master\u2019s degree in Bioinformatics at the University of Murcia. Before starting his PhD, he worked at the University of Alcal\u00e1 de Henares, in the Department of Systems Biology, within the Pain Neurobiology group.<\/p>\n<p><img loading=\"lazy\" decoding=\"async\" class=\"aligncenter wp-image-3133 size-large\" src=\"https:\/\/www.naircenter.com\/wp-content\/uploads\/2025\/11\/Juan-Pedro-Garcia-Estancia-1024x459.jpeg\" alt=\"\" width=\"1024\" height=\"459\" srcset=\"https:\/\/www.naircenter.com\/wp-content\/uploads\/2025\/11\/Juan-Pedro-Garcia-Estancia-1024x459.jpeg 1024w, https:\/\/www.naircenter.com\/wp-content\/uploads\/2025\/11\/Juan-Pedro-Garcia-Estancia-300x134.jpeg 300w, https:\/\/www.naircenter.com\/wp-content\/uploads\/2025\/11\/Juan-Pedro-Garcia-Estancia-768x344.jpeg 768w, https:\/\/www.naircenter.com\/wp-content\/uploads\/2025\/11\/Juan-Pedro-Garcia-Estancia-1536x688.jpeg 1536w, https:\/\/www.naircenter.com\/wp-content\/uploads\/2025\/11\/Juan-Pedro-Garcia-Estancia.jpeg 1600w\" sizes=\"auto, (max-width: 1024px) 100vw, 1024px\" \/><\/p>\n<p>He is currently developing his thesis in Computational Neuroscience, focusing on the design of AI models for the analysis of neurological signals. His stay in Salerno will allow him to advance several key lines of work alongside Roberto Tagliaferri and Francesco Bardozzo. Roberto Tagliaferri is a professor of Computer Science at the University of Salerno and director of the Doctoral School in Big Data Management and Data Science, Accounting &amp; Management. Francesco Bardozzo, a senior researcher, has a PhD in artificial intelligence applied to robotic microsurgery.<\/p>\n<p>With this stay, Garc\u00eda Ortiz takes a decisive step forward in NAIR\u2019s line of research, which lies at the frontier between neuroscience, AI and advanced modelling. Juan Pedro Garc\u00eda\u2019s doctoral thesis is being developed thanks to the support of the Caja Navarra Foundation, and his stay at the University of Salerno is made possible by \u201cla Caixa\u201d Foundation, whose financial backing helps to promote the advanced training of young researchers and strengthen international scientific collaboration networks.<\/p>\n<p>&nbsp;<\/p>\n<p><strong>About NAIR Center<\/strong><\/p>\n<p><a href=\"https:\/\/www.naircenter.com\/en\/about-us\/\">NAIR Center,<\/a>\u00a0the International Centre for Research in Intelligence Artificial of Navarre, is an organisation focused on promoting basic and applied research in artificial intelligence (AI) and data engineering. Founded in 2022 by the Department of University, Innovation and Digital Transformation of the Government of Navarre, NAIR Center has positioned itself as a leader in the application of Artificial Intelligence for the benefit of society and the economic fabric, committed to excellence in research and the development of practical solutions to contemporary challenges using advanced technologies. Its main objectives include promoting high-quality research in AI and data technology, disseminating knowledge to businesses and society, encouraging the use of AI in the Navarre System, SINAI, and in regional companies to boost competitiveness, supporting academic and applied research in AI, and promoting the creation of high-value jobs and contributing to the overall development of R&amp;D&amp;I.<\/p>\n","protected":false},"excerpt":{"rendered":"<p>The researcher will spend six months at the University of Salerno, alongside two international leaders in artificial intelligence applied to biomedical data analysis &nbsp; Pamplona, 26 November 2025 \u2014 Researcher&#8230;<\/p>\n","protected":false},"author":2,"featured_media":3138,"comment_status":"closed","ping_status":"closed","sticky":false,"template":"","format":"standard","meta":{"footnotes":""},"categories":[1],"tags":[],"class_list":{"0":"post-3228","1":"post","2":"type-post","3":"status-publish","4":"format-standard","5":"has-post-thumbnail","7":"category-sin-categorizar"},"yoast_head":"<!-- This site is optimized with the Yoast SEO plugin v27.3 - https:\/\/yoast.com\/product\/yoast-seo-wordpress\/ -->\n<title>Estancia Italia de IA aplicada y neurociencia<\/title>\n<meta name=\"description\" content=\"El investigador estar\u00e1 en la Universidad de Salerno, junto con dos referentes internacionales en IA aplicada al an\u00e1lisis de datos biom\u00e9dicos\" \/>\n<meta name=\"robots\" content=\"index, follow, max-snippet:-1, max-image-preview:large, max-video-preview:-1\" \/>\n<link rel=\"canonical\" href=\"https:\/\/www.naircenter.com\/en\/a-doctoral-student-at-the-nair-center-ai-applied-to-neuroscience\/\" \/>\n<meta property=\"og:locale\" content=\"en_US\" \/>\n<meta property=\"og:type\" content=\"article\" \/>\n<meta property=\"og:title\" content=\"Estancia Italia de IA aplicada y neurociencia\" \/>\n<meta property=\"og:description\" content=\"El investigador estar\u00e1 en la Universidad de Salerno, junto con dos referentes internacionales en IA aplicada al an\u00e1lisis de datos biom\u00e9dicos\" \/>\n<meta property=\"og:url\" content=\"https:\/\/www.naircenter.com\/en\/a-doctoral-student-at-the-nair-center-ai-applied-to-neuroscience\/\" \/>\n<meta property=\"og:site_name\" content=\"NAIR\" \/>\n<meta property=\"article:published_time\" content=\"2025-11-26T10:49:45+00:00\" \/>\n<meta property=\"article:modified_time\" content=\"2026-01-07T10:59:32+00:00\" \/>\n<meta property=\"og:image\" content=\"https:\/\/www.naircenter.com\/wp-content\/uploads\/2025\/11\/Roberto-Tagliaferri-Juan-Pedro-Garcia-y-Francesco-Bardozzo.jpeg\" \/>\n\t<meta property=\"og:image:width\" content=\"1500\" \/>\n\t<meta property=\"og:image:height\" content=\"2000\" \/>\n\t<meta property=\"og:image:type\" content=\"image\/jpeg\" \/>\n<meta name=\"author\" content=\"Carlota Cort\u00e9s\" \/>\n<meta name=\"twitter:card\" content=\"summary_large_image\" \/>\n<meta name=\"twitter:label1\" content=\"Written by\" \/>\n\t<meta name=\"twitter:data1\" content=\"Carlota Cort\u00e9s\" \/>\n\t<meta name=\"twitter:label2\" content=\"Est. reading time\" \/>\n\t<meta name=\"twitter:data2\" content=\"4 minutes\" \/>\n<script type=\"application\/ld+json\" class=\"yoast-schema-graph\">{\"@context\":\"https:\\\/\\\/schema.org\",\"@graph\":[{\"@type\":\"Article\",\"@id\":\"https:\\\/\\\/www.naircenter.com\\\/en\\\/a-doctoral-student-at-the-nair-center-ai-applied-to-neuroscience\\\/#article\",\"isPartOf\":{\"@id\":\"https:\\\/\\\/www.naircenter.com\\\/en\\\/a-doctoral-student-at-the-nair-center-ai-applied-to-neuroscience\\\/\"},\"author\":{\"name\":\"Carlota Cort\u00e9s\",\"@id\":\"https:\\\/\\\/www.naircenter.com\\\/#\\\/schema\\\/person\\\/f4940c0320240ffcb2baddbd099d31fa\"},\"headline\":\"Juan Pedro Garc\u00eda, a doctoral student at the NAIR Center, begins a stay in Italy to advance in AI applied to neuroscience\",\"datePublished\":\"2025-11-26T10:49:45+00:00\",\"dateModified\":\"2026-01-07T10:59:32+00:00\",\"mainEntityOfPage\":{\"@id\":\"https:\\\/\\\/www.naircenter.com\\\/en\\\/a-doctoral-student-at-the-nair-center-ai-applied-to-neuroscience\\\/\"},\"wordCount\":772,\"publisher\":{\"@id\":\"https:\\\/\\\/www.naircenter.com\\\/#organization\"},\"image\":{\"@id\":\"https:\\\/\\\/www.naircenter.com\\\/en\\\/a-doctoral-student-at-the-nair-center-ai-applied-to-neuroscience\\\/#primaryimage\"},\"thumbnailUrl\":\"https:\\\/\\\/www.naircenter.com\\\/wp-content\\\/uploads\\\/2025\\\/11\\\/Roberto-Tagliaferri-Juan-Pedro-Garcia-y-Francesco-Bardozzo.jpeg\",\"articleSection\":[\"Sin categorizar\"],\"inLanguage\":\"en-US\"},{\"@type\":\"WebPage\",\"@id\":\"https:\\\/\\\/www.naircenter.com\\\/en\\\/a-doctoral-student-at-the-nair-center-ai-applied-to-neuroscience\\\/\",\"url\":\"https:\\\/\\\/www.naircenter.com\\\/en\\\/a-doctoral-student-at-the-nair-center-ai-applied-to-neuroscience\\\/\",\"name\":\"Estancia Italia de IA aplicada y neurociencia\",\"isPartOf\":{\"@id\":\"https:\\\/\\\/www.naircenter.com\\\/#website\"},\"primaryImageOfPage\":{\"@id\":\"https:\\\/\\\/www.naircenter.com\\\/en\\\/a-doctoral-student-at-the-nair-center-ai-applied-to-neuroscience\\\/#primaryimage\"},\"image\":{\"@id\":\"https:\\\/\\\/www.naircenter.com\\\/en\\\/a-doctoral-student-at-the-nair-center-ai-applied-to-neuroscience\\\/#primaryimage\"},\"thumbnailUrl\":\"https:\\\/\\\/www.naircenter.com\\\/wp-content\\\/uploads\\\/2025\\\/11\\\/Roberto-Tagliaferri-Juan-Pedro-Garcia-y-Francesco-Bardozzo.jpeg\",\"datePublished\":\"2025-11-26T10:49:45+00:00\",\"dateModified\":\"2026-01-07T10:59:32+00:00\",\"description\":\"El investigador estar\u00e1 en la Universidad de Salerno, junto con dos referentes internacionales en IA aplicada al an\u00e1lisis de datos biom\u00e9dicos\",\"breadcrumb\":{\"@id\":\"https:\\\/\\\/www.naircenter.com\\\/en\\\/a-doctoral-student-at-the-nair-center-ai-applied-to-neuroscience\\\/#breadcrumb\"},\"inLanguage\":\"en-US\",\"potentialAction\":[{\"@type\":\"ReadAction\",\"target\":[\"https:\\\/\\\/www.naircenter.com\\\/en\\\/a-doctoral-student-at-the-nair-center-ai-applied-to-neuroscience\\\/\"]}]},{\"@type\":\"ImageObject\",\"inLanguage\":\"en-US\",\"@id\":\"https:\\\/\\\/www.naircenter.com\\\/en\\\/a-doctoral-student-at-the-nair-center-ai-applied-to-neuroscience\\\/#primaryimage\",\"url\":\"https:\\\/\\\/www.naircenter.com\\\/wp-content\\\/uploads\\\/2025\\\/11\\\/Roberto-Tagliaferri-Juan-Pedro-Garcia-y-Francesco-Bardozzo.jpeg\",\"contentUrl\":\"https:\\\/\\\/www.naircenter.com\\\/wp-content\\\/uploads\\\/2025\\\/11\\\/Roberto-Tagliaferri-Juan-Pedro-Garcia-y-Francesco-Bardozzo.jpeg\",\"width\":1500,\"height\":2000},{\"@type\":\"BreadcrumbList\",\"@id\":\"https:\\\/\\\/www.naircenter.com\\\/en\\\/a-doctoral-student-at-the-nair-center-ai-applied-to-neuroscience\\\/#breadcrumb\",\"itemListElement\":[{\"@type\":\"ListItem\",\"position\":1,\"name\":\"Portada\",\"item\":\"https:\\\/\\\/www.naircenter.com\\\/en\\\/\"},{\"@type\":\"ListItem\",\"position\":2,\"name\":\"Juan Pedro Garc\u00eda, a doctoral student at the NAIR Center, begins a stay in Italy to advance in AI applied to neuroscience\"}]},{\"@type\":\"WebSite\",\"@id\":\"https:\\\/\\\/www.naircenter.com\\\/#website\",\"url\":\"https:\\\/\\\/www.naircenter.com\\\/\",\"name\":\"NAIR\",\"description\":\"\",\"publisher\":{\"@id\":\"https:\\\/\\\/www.naircenter.com\\\/#organization\"},\"potentialAction\":[{\"@type\":\"SearchAction\",\"target\":{\"@type\":\"EntryPoint\",\"urlTemplate\":\"https:\\\/\\\/www.naircenter.com\\\/?s={search_term_string}\"},\"query-input\":{\"@type\":\"PropertyValueSpecification\",\"valueRequired\":true,\"valueName\":\"search_term_string\"}}],\"inLanguage\":\"en-US\"},{\"@type\":\"Organization\",\"@id\":\"https:\\\/\\\/www.naircenter.com\\\/#organization\",\"name\":\"NAIR\",\"url\":\"https:\\\/\\\/www.naircenter.com\\\/\",\"logo\":{\"@type\":\"ImageObject\",\"inLanguage\":\"en-US\",\"@id\":\"https:\\\/\\\/www.naircenter.com\\\/#\\\/schema\\\/logo\\\/image\\\/\",\"url\":\"https:\\\/\\\/www.naircenter.com\\\/wp-content\\\/uploads\\\/2023\\\/11\\\/nair-logo-n.png\",\"contentUrl\":\"https:\\\/\\\/www.naircenter.com\\\/wp-content\\\/uploads\\\/2023\\\/11\\\/nair-logo-n.png\",\"width\":450,\"height\":108,\"caption\":\"NAIR\"},\"image\":{\"@id\":\"https:\\\/\\\/www.naircenter.com\\\/#\\\/schema\\\/logo\\\/image\\\/\"}},{\"@type\":\"Person\",\"@id\":\"https:\\\/\\\/www.naircenter.com\\\/#\\\/schema\\\/person\\\/f4940c0320240ffcb2baddbd099d31fa\",\"name\":\"Carlota Cort\u00e9s\"}]}<\/script>\n<!-- \/ Yoast SEO plugin. -->","yoast_head_json":{"title":"Estancia Italia de IA aplicada y neurociencia","description":"El investigador estar\u00e1 en la Universidad de Salerno, junto con dos referentes internacionales en IA aplicada al an\u00e1lisis de datos biom\u00e9dicos","robots":{"index":"index","follow":"follow","max-snippet":"max-snippet:-1","max-image-preview":"max-image-preview:large","max-video-preview":"max-video-preview:-1"},"canonical":"https:\/\/www.naircenter.com\/en\/a-doctoral-student-at-the-nair-center-ai-applied-to-neuroscience\/","og_locale":"en_US","og_type":"article","og_title":"Estancia Italia de IA aplicada y neurociencia","og_description":"El investigador estar\u00e1 en la Universidad de Salerno, junto con dos referentes internacionales en IA aplicada al an\u00e1lisis de datos biom\u00e9dicos","og_url":"https:\/\/www.naircenter.com\/en\/a-doctoral-student-at-the-nair-center-ai-applied-to-neuroscience\/","og_site_name":"NAIR","article_published_time":"2025-11-26T10:49:45+00:00","article_modified_time":"2026-01-07T10:59:32+00:00","og_image":[{"width":1500,"height":2000,"url":"https:\/\/www.naircenter.com\/wp-content\/uploads\/2025\/11\/Roberto-Tagliaferri-Juan-Pedro-Garcia-y-Francesco-Bardozzo.jpeg","type":"image\/jpeg"}],"author":"Carlota Cort\u00e9s","twitter_card":"summary_large_image","twitter_misc":{"Written by":"Carlota Cort\u00e9s","Est. reading time":"4 minutes"},"schema":{"@context":"https:\/\/schema.org","@graph":[{"@type":"Article","@id":"https:\/\/www.naircenter.com\/en\/a-doctoral-student-at-the-nair-center-ai-applied-to-neuroscience\/#article","isPartOf":{"@id":"https:\/\/www.naircenter.com\/en\/a-doctoral-student-at-the-nair-center-ai-applied-to-neuroscience\/"},"author":{"name":"Carlota Cort\u00e9s","@id":"https:\/\/www.naircenter.com\/#\/schema\/person\/f4940c0320240ffcb2baddbd099d31fa"},"headline":"Juan Pedro Garc\u00eda, a doctoral student at the NAIR Center, begins a stay in Italy to advance in AI applied to neuroscience","datePublished":"2025-11-26T10:49:45+00:00","dateModified":"2026-01-07T10:59:32+00:00","mainEntityOfPage":{"@id":"https:\/\/www.naircenter.com\/en\/a-doctoral-student-at-the-nair-center-ai-applied-to-neuroscience\/"},"wordCount":772,"publisher":{"@id":"https:\/\/www.naircenter.com\/#organization"},"image":{"@id":"https:\/\/www.naircenter.com\/en\/a-doctoral-student-at-the-nair-center-ai-applied-to-neuroscience\/#primaryimage"},"thumbnailUrl":"https:\/\/www.naircenter.com\/wp-content\/uploads\/2025\/11\/Roberto-Tagliaferri-Juan-Pedro-Garcia-y-Francesco-Bardozzo.jpeg","articleSection":["Sin categorizar"],"inLanguage":"en-US"},{"@type":"WebPage","@id":"https:\/\/www.naircenter.com\/en\/a-doctoral-student-at-the-nair-center-ai-applied-to-neuroscience\/","url":"https:\/\/www.naircenter.com\/en\/a-doctoral-student-at-the-nair-center-ai-applied-to-neuroscience\/","name":"Estancia Italia de IA aplicada y neurociencia","isPartOf":{"@id":"https:\/\/www.naircenter.com\/#website"},"primaryImageOfPage":{"@id":"https:\/\/www.naircenter.com\/en\/a-doctoral-student-at-the-nair-center-ai-applied-to-neuroscience\/#primaryimage"},"image":{"@id":"https:\/\/www.naircenter.com\/en\/a-doctoral-student-at-the-nair-center-ai-applied-to-neuroscience\/#primaryimage"},"thumbnailUrl":"https:\/\/www.naircenter.com\/wp-content\/uploads\/2025\/11\/Roberto-Tagliaferri-Juan-Pedro-Garcia-y-Francesco-Bardozzo.jpeg","datePublished":"2025-11-26T10:49:45+00:00","dateModified":"2026-01-07T10:59:32+00:00","description":"El investigador estar\u00e1 en la Universidad de Salerno, junto con dos referentes internacionales en IA aplicada al an\u00e1lisis de datos biom\u00e9dicos","breadcrumb":{"@id":"https:\/\/www.naircenter.com\/en\/a-doctoral-student-at-the-nair-center-ai-applied-to-neuroscience\/#breadcrumb"},"inLanguage":"en-US","potentialAction":[{"@type":"ReadAction","target":["https:\/\/www.naircenter.com\/en\/a-doctoral-student-at-the-nair-center-ai-applied-to-neuroscience\/"]}]},{"@type":"ImageObject","inLanguage":"en-US","@id":"https:\/\/www.naircenter.com\/en\/a-doctoral-student-at-the-nair-center-ai-applied-to-neuroscience\/#primaryimage","url":"https:\/\/www.naircenter.com\/wp-content\/uploads\/2025\/11\/Roberto-Tagliaferri-Juan-Pedro-Garcia-y-Francesco-Bardozzo.jpeg","contentUrl":"https:\/\/www.naircenter.com\/wp-content\/uploads\/2025\/11\/Roberto-Tagliaferri-Juan-Pedro-Garcia-y-Francesco-Bardozzo.jpeg","width":1500,"height":2000},{"@type":"BreadcrumbList","@id":"https:\/\/www.naircenter.com\/en\/a-doctoral-student-at-the-nair-center-ai-applied-to-neuroscience\/#breadcrumb","itemListElement":[{"@type":"ListItem","position":1,"name":"Portada","item":"https:\/\/www.naircenter.com\/en\/"},{"@type":"ListItem","position":2,"name":"Juan Pedro Garc\u00eda, a doctoral student at the NAIR Center, begins a stay in Italy to advance in AI applied to neuroscience"}]},{"@type":"WebSite","@id":"https:\/\/www.naircenter.com\/#website","url":"https:\/\/www.naircenter.com\/","name":"NAIR","description":"","publisher":{"@id":"https:\/\/www.naircenter.com\/#organization"},"potentialAction":[{"@type":"SearchAction","target":{"@type":"EntryPoint","urlTemplate":"https:\/\/www.naircenter.com\/?s={search_term_string}"},"query-input":{"@type":"PropertyValueSpecification","valueRequired":true,"valueName":"search_term_string"}}],"inLanguage":"en-US"},{"@type":"Organization","@id":"https:\/\/www.naircenter.com\/#organization","name":"NAIR","url":"https:\/\/www.naircenter.com\/","logo":{"@type":"ImageObject","inLanguage":"en-US","@id":"https:\/\/www.naircenter.com\/#\/schema\/logo\/image\/","url":"https:\/\/www.naircenter.com\/wp-content\/uploads\/2023\/11\/nair-logo-n.png","contentUrl":"https:\/\/www.naircenter.com\/wp-content\/uploads\/2023\/11\/nair-logo-n.png","width":450,"height":108,"caption":"NAIR"},"image":{"@id":"https:\/\/www.naircenter.com\/#\/schema\/logo\/image\/"}},{"@type":"Person","@id":"https:\/\/www.naircenter.com\/#\/schema\/person\/f4940c0320240ffcb2baddbd099d31fa","name":"Carlota Cort\u00e9s"}]}},"_links":{"self":[{"href":"https:\/\/www.naircenter.com\/en\/wp-json\/wp\/v2\/posts\/3228","targetHints":{"allow":["GET"]}}],"collection":[{"href":"https:\/\/www.naircenter.com\/en\/wp-json\/wp\/v2\/posts"}],"about":[{"href":"https:\/\/www.naircenter.com\/en\/wp-json\/wp\/v2\/types\/post"}],"author":[{"embeddable":true,"href":"https:\/\/www.naircenter.com\/en\/wp-json\/wp\/v2\/users\/2"}],"replies":[{"embeddable":true,"href":"https:\/\/www.naircenter.com\/en\/wp-json\/wp\/v2\/comments?post=3228"}],"version-history":[{"count":3,"href":"https:\/\/www.naircenter.com\/en\/wp-json\/wp\/v2\/posts\/3228\/revisions"}],"predecessor-version":[{"id":3289,"href":"https:\/\/www.naircenter.com\/en\/wp-json\/wp\/v2\/posts\/3228\/revisions\/3289"}],"wp:featuredmedia":[{"embeddable":true,"href":"https:\/\/www.naircenter.com\/en\/wp-json\/wp\/v2\/media\/3138"}],"wp:attachment":[{"href":"https:\/\/www.naircenter.com\/en\/wp-json\/wp\/v2\/media?parent=3228"}],"wp:term":[{"taxonomy":"category","embeddable":true,"href":"https:\/\/www.naircenter.com\/en\/wp-json\/wp\/v2\/categories?post=3228"},{"taxonomy":"post_tag","embeddable":true,"href":"https:\/\/www.naircenter.com\/en\/wp-json\/wp\/v2\/tags?post=3228"}],"curies":[{"name":"wp","href":"https:\/\/api.w.org\/{rel}","templated":true}]}}