{"id":3393,"date":"2025-04-07T11:35:11","date_gmt":"2025-04-07T09:35:11","guid":{"rendered":"https:\/\/www.naircenter.com\/nair-center-y-gobierno-de-navarra-organizan-el-congreso-nacional-de-ia-en-pamplona-el-proximo-6-de-mayo\/"},"modified":"2026-01-13T12:44:55","modified_gmt":"2026-01-13T11:44:55","slug":"nair-center-and-the-government-of-navarra-to-host-the-national-ai-congress-in-pamplona-on-6-may","status":"publish","type":"post","link":"https:\/\/www.naircenter.com\/en\/nair-center-and-the-government-of-navarra-to-host-the-national-ai-congress-in-pamplona-on-6-may\/","title":{"rendered":"NAIR Center and the Government of Navarra to host the National AI Congress in Pamplona on 6 May"},"content":{"rendered":"<div style=\"text-align: justify;\">\n<p><strong>Pamplona will on 6 May become the\u00a0epicentre\u00a0of Spain\u2019s debate on Artificial Intelligence with the National AI Congress, a meeting that will bring together leading voices from across the country to examine how technology can be placed at the service of people and society.\u00a0<\/strong><\/p>\n<p><span data-contrast=\"auto\">Within the framework of the Navarra Digital Strategy 2030, the Government of Navarra is advancing in the responsible uptake of Artificial Intelligence in public services and in the productive fabric, with the dual aim of improving citizens\u2019 lives and boosting competitiveness.<\/span><span data-ccp-props=\"{&quot;201341983&quot;:0,&quot;335551550&quot;:6,&quot;335551620&quot;:6,&quot;335559739&quot;:200,&quot;335559740&quot;:276}\">\u00a0<\/span><\/p>\n<p><span data-contrast=\"auto\">Among other developments, virtual assistants and chatbots are being used to facilitate procedures such as requesting certificates or arranging appointments; pilots are being deployed to streamline back\u2011office processes; and training actions are being expanded so that both public employees and companies can acquire the skills needed to use AI tools sensibly and with guarantees.<\/span><span data-ccp-props=\"{&quot;201341983&quot;:0,&quot;335551550&quot;:6,&quot;335551620&quot;:6,&quot;335559739&quot;:200,&quot;335559740&quot;:276}\">\u00a0<\/span><\/p>\n<p><span data-contrast=\"auto\">First Vice\u2011President and Minister for the Presidency and Equality, F\u00e9lix Taberna, presented the main conclusions of the Government\u2019s strategic monitoring of the AI landscape, together with the Director\u2011General for Digital Transformation, Rub\u00e9n Auza, and NAIR Center\u2019s Managing Director, Gorka Garc\u00eda.<\/span><span data-ccp-props=\"{&quot;201341983&quot;:0,&quot;335551550&quot;:6,&quot;335551620&quot;:6,&quot;335559739&quot;:200,&quot;335559740&quot;:276}\">\u00a0<\/span><\/p>\n<p><span data-contrast=\"auto\">Navarra thus moves forward in its process of\u00a0analysing\u00a0how AI can be used to improve public services and the economy,\u00a0identifying\u00a0opportunities and guardrails so that innovation,\u00a0rights\u00a0and trust go hand in hand and so that new technological possibilities translate into concrete spaces for action and implementation.<\/span><span data-ccp-props=\"{&quot;201341983&quot;:0,&quot;335551550&quot;:6,&quot;335551620&quot;:6,&quot;335559739&quot;:200,&quot;335559740&quot;:276}\">\u00a0<\/span><\/p>\n<p><span data-contrast=\"auto\">At the press conference, Vice\u2011President Taberna announced the holding of the National AI Congress under the banner \u201cTechnology at the service of people\u201d,\u00a0an event promoted jointly by the Government of Navarra and NAIR Center and open to institutions, companies, the third sector and citizens.<\/span><span data-ccp-props=\"{&quot;201341983&quot;:0,&quot;335551550&quot;:6,&quot;335551620&quot;:6,&quot;335559739&quot;:200,&quot;335559740&quot;:276}\">\u00a0<\/span><\/p>\n<p><strong>Details of the study presented today\u00a0<\/strong><\/p>\n<p><span data-contrast=\"auto\">The document presented is the result of strategic monitoring of regulatory,\u00a0technological\u00a0and social developments in AI in Spain and Europe, with particular attention to critical aspects that can serve as a reference for Navarra.<\/span><span data-ccp-props=\"{&quot;201341983&quot;:0,&quot;335551550&quot;:6,&quot;335551620&quot;:6,&quot;335559739&quot;:200,&quot;335559740&quot;:276}\">\u00a0<\/span><\/p>\n<p><span data-contrast=\"auto\">One of the strands is specifically focused on the public sector in Navarra and has been carried out in collaboration with the Public University of Navarra (UPNA) and the National University of Distance Education (UNED).<\/span><span data-ccp-props=\"{&quot;201341983&quot;:0,&quot;335551550&quot;:6,&quot;335551620&quot;:6,&quot;335559739&quot;:200,&quot;335559740&quot;:276}\">\u00a0<\/span><\/p>\n<p><span data-contrast=\"auto\">In addition, a survey was conducted by the Official College of Sociology and Political Science of Navarra to gauge people\u2019s\u00a0perceptions\u00a0and level of familiarity with AI tools, as well as their expectations and concerns. More than half of those surveyed had already tried some form of AI in their everyday lives and, in many cases, had done so in a\u00a0largely self\u2011taught\u00a0manner (six out of ten respondents).<\/span><span data-ccp-props=\"{&quot;201341983&quot;:0,&quot;335551550&quot;:6,&quot;335551620&quot;:6,&quot;335559739&quot;:200,&quot;335559740&quot;:276}\">\u00a0<\/span><\/p>\n<p><span data-contrast=\"auto\">The study also compiles technological trends in language models, computer vision and robotics; maps the regulatory context in Spain and the European Union (with emphasis on the EU AI Act); and reviews the opportunities and risks that\u00a0organisations\u00a0identify when adopting AI\u2014ranging from gains in efficiency and quality to questions of transparency, bias, accountability and environmental impact.<\/span><span data-ccp-props=\"{&quot;201341983&quot;:0,&quot;335551550&quot;:6,&quot;335551620&quot;:6,&quot;335559739&quot;:200,&quot;335559740&quot;:276}\">\u00a0<\/span><\/p>\n<p><span data-contrast=\"auto\">With respect to companies, the Government highlighted initiatives aimed at accelerating digital transformation through Navarra\u2019s Digital Innovation Hub (IRIS) and through specific support for testing and adopting AI solutions. These actions\u00a0facilitate\u00a0access to expert advice, test\u2011before\u2011invest\u00a0facilities\u00a0and\u00a0training for\u00a0professionals in the region.<\/span><span data-ccp-props=\"{&quot;201341983&quot;:0,&quot;335551550&quot;:6,&quot;335551620&quot;:6,&quot;335559739&quot;:200,&quot;335559740&quot;:276}\">\u00a0<\/span><\/p>\n<p><span data-contrast=\"auto\">In October\u00a02024\u00a0the Government launched, via the Department for Universities, Innovation and Digital Transformation, a call to support projects for the integration of AI in SMEs and industrial value chains. The aim is to reduce barriers to entry and to ensure that companies can trial and implement AI in concrete processes where there is a clear return in quality,\u00a0productivity\u00a0or safety.<\/span><span data-ccp-props=\"{&quot;201341983&quot;:0,&quot;335551550&quot;:6,&quot;335551620&quot;:6,&quot;335559739&quot;:200,&quot;335559740&quot;:276}\">\u00a0<\/span><\/p>\n<p><span data-contrast=\"auto\">In terms of training, the Navarra Public Employment Service \u2013 Nafar\u00a0Lansare\u00a0has broadened its offer with\u00a0specialised\u00a0modules on the practical use of AI tools\u2014such as ChatGPT, Gemini or Copilot\u2014in professional contexts, all with the goal of improving productivity while making responsible use of the technology.<\/span><span data-ccp-props=\"{&quot;201341983&quot;:0,&quot;335551550&quot;:6,&quot;335551620&quot;:6,&quot;335559739&quot;:200,&quot;335559740&quot;:276}\">\u00a0<\/span><\/p>\n<p><span data-contrast=\"auto\">Also in April 2024, the Department for Universities, Innovation and Digital Transformation launched a public consultation to\u00a0identify\u00a0needs and opportunities for AI in the territory through a platform\u00a0assisted\u00a0by AI that allowed\u00a0organisations\u00a0to\u00a0submit\u00a0proposals and to comment on each other\u2019s contributions.<\/span><span data-ccp-props=\"{&quot;201341983&quot;:0,&quot;335551550&quot;:6,&quot;335551620&quot;:6,&quot;335559739&quot;:200,&quot;335559740&quot;:276}\">\u00a0<\/span><\/p>\n<p><span data-contrast=\"auto\">At the UPNA, in October 2024, and together with Universidad Carlos III de Madrid, the first intake of the University Master\u2019s in Machine Learning began, strengthening the region\u2019s training ecosystem in advanced AI.<\/span><span data-ccp-props=\"{&quot;201341983&quot;:0,&quot;335551550&quot;:6,&quot;335551620&quot;:6,&quot;335559739&quot;:200,&quot;335559740&quot;:276}\">\u00a0<\/span><\/p>\n<p><strong>National AI Congress in Pamplona on 6 May\u00a0<\/strong><\/p>\n<p><span data-contrast=\"auto\">The National Congress on Artificial Intelligence,\u00a0organised\u00a0by the Government of Navarra and NAIR Center, will bring together specialists to examine how to guarantee that the deployment of AI protects rights and contributes to a fairer and more inclusive society.<\/span><span data-ccp-props=\"{&quot;201341983&quot;:0,&quot;335551550&quot;:6,&quot;335551620&quot;:6,&quot;335559739&quot;:200,&quot;335559740&quot;:276}\">\u00a0<\/span><\/p>\n<p><span data-contrast=\"auto\">With this initiative, Navarra\u00a0seeks\u00a0to foster a conversation that regards technology not as an end\u00a0in\u00a0itself, but as a tool to improve people\u2019s lives, to\u00a0modernise\u00a0public\u00a0services\u00a0and to strengthen social cohesion.<\/span><span data-ccp-props=\"{&quot;201341983&quot;:0,&quot;335551550&quot;:6,&quot;335551620&quot;:6,&quot;335559739&quot;:200,&quot;335559740&quot;:276}\">\u00a0<\/span><\/p>\n<p><span data-contrast=\"auto\">The event will be attended by the First Vice\u2011President and Minister for the Presidency and Equality, F\u00e9lix Taberna; the Regional Minister for Universities, Innovation and Digital Transformation, Juan Luis Garc\u00eda; and NAIR Center\u2019s Managing Director, Gorka Garc\u00eda.<\/span><span data-ccp-props=\"{&quot;201341983&quot;:0,&quot;335551550&quot;:6,&quot;335551620&quot;:6,&quot;335559739&quot;:200,&quot;335559740&quot;:276}\">\u00a0<\/span><\/p>\n<p><span data-contrast=\"auto\">The morning\u00a0programme\u00a0will feature a keynote address by Alfonso Lara (European Social Network) and round tables with experts such as Mercedes Siles Molina, Ulises Cort\u00e9s, Pilar Le\u00f3n Sanz, Margarita Castilla Barea and Jaime Garc\u00eda Cantero, Director of Retina at PRISA Media, among others.<\/span><span data-ccp-props=\"{&quot;201341983&quot;:0,&quot;335551550&quot;:6,&quot;335551620&quot;:6,&quot;335559739&quot;:200,&quot;335559740&quot;:276}\">\u00a0<\/span><\/p>\n<p><span data-contrast=\"auto\">In the\u00a0afternoon\u00a0the Congress will resume with a hands\u2011on panel on real\u2011world AI use cases bringing together Alicia\u00a0As\u00edn\u00a0(Libelium), Mar Pereira (Xunta\u00a0de Galicia) and Marisol G\u00f3mez (Professor of Algebra and Scientific Director of NAIR Center), among others.<\/span><span data-ccp-props=\"{&quot;201341983&quot;:0,&quot;335551550&quot;:6,&quot;335551620&quot;:6,&quot;335559739&quot;:200,&quot;335559740&quot;:276}\">\u00a0<\/span><\/p>\n<p><strong>Useful links\u00a0<\/strong><\/p>\n<ul>\n<li><a class=\"new-detail-download-item new-detail-download-item-attached material-icons-round\" title=\"(Abre una nueva ventana)\" href=\"https:\/\/www.navarra.es\/documents\/48192\/46352448\/El_impacto_+de_+la_IA_en_+Europa_+y_+Espa%C3%B1a.pdf\/102dd2d8-b0b5-e8ad-7d3e-c7d422f2b764?t=1744013865693\" target=\"_blank\" rel=\"noopener\">El impacto de la Inteligencia Artificial en Europa y Espa\u00f1a<\/a><\/li>\n<li><a class=\"new-detail-download-item new-detail-download-item-attached material-icons-round\" title=\"(Abre una nueva ventana)\" href=\"https:\/\/www.navarra.es\/documents\/48192\/46352448\/La_IA_en_Navarra_Ambito_Publico.pdf\/14bc5e5e-95a7-165a-0772-c20b354ed7ed?t=1744014015251\" target=\"_blank\" rel=\"noopener\">La IA en Navarra: oportunidades, retos e impacto en el \u00e1mbito p\u00fablico<\/a><\/li>\n<\/ul>\n<\/div>\n","protected":false},"excerpt":{"rendered":"<p>Pamplona will on 6 May become the\u00a0epicentre\u00a0of Spain\u2019s debate on Artificial Intelligence with the National AI Congress, a meeting that will bring together leading voices from across the country to&#8230;<\/p>\n","protected":false},"author":2,"featured_media":2244,"comment_status":"closed","ping_status":"closed","sticky":false,"template":"","format":"standard","meta":{"footnotes":""},"categories":[1],"tags":[],"class_list":{"0":"post-3393","1":"post","2":"type-post","3":"status-publish","4":"format-standard","5":"has-post-thumbnail","7":"category-sin-categorizar"},"yoast_head":"<!-- This site is optimized with the Yoast SEO plugin v27.3 - https:\/\/yoast.com\/product\/yoast-seo-wordpress\/ -->\n<title>NAIR Center and the Government of Navarra to host the National AI Congress in Pamplona on 6 May - NAIR<\/title>\n<meta name=\"robots\" content=\"index, follow, max-snippet:-1, max-image-preview:large, max-video-preview:-1\" \/>\n<link rel=\"canonical\" href=\"https:\/\/www.naircenter.com\/en\/nair-center-and-the-government-of-navarra-to-host-the-national-ai-congress-in-pamplona-on-6-may\/\" \/>\n<meta property=\"og:locale\" content=\"en_US\" \/>\n<meta property=\"og:type\" content=\"article\" \/>\n<meta property=\"og:title\" content=\"NAIR Center and the Government of Navarra to host the National AI Congress in Pamplona on 6 May - NAIR\" \/>\n<meta property=\"og:description\" content=\"Pamplona will on 6 May become the\u00a0epicentre\u00a0of Spain\u2019s debate on Artificial Intelligence with the National AI Congress, a meeting that will bring together leading voices from across the country to...\" \/>\n<meta property=\"og:url\" content=\"https:\/\/www.naircenter.com\/en\/nair-center-and-the-government-of-navarra-to-host-the-national-ai-congress-in-pamplona-on-6-may\/\" \/>\n<meta property=\"og:site_name\" content=\"NAIR\" \/>\n<meta property=\"article:published_time\" content=\"2025-04-07T09:35:11+00:00\" \/>\n<meta property=\"article:modified_time\" content=\"2026-01-13T11:44:55+00:00\" \/>\n<meta property=\"og:image\" content=\"https:\/\/www.naircenter.com\/wp-content\/uploads\/2025\/04\/25_04_07-presentacion-CongresoIA_Q5A2371-scaled.jpg\" \/>\n\t<meta property=\"og:image:width\" content=\"2560\" \/>\n\t<meta property=\"og:image:height\" content=\"1707\" \/>\n\t<meta property=\"og:image:type\" content=\"image\/jpeg\" \/>\n<meta name=\"author\" content=\"Carlota Cort\u00e9s\" \/>\n<meta name=\"twitter:card\" content=\"summary_large_image\" \/>\n<meta name=\"twitter:label1\" content=\"Written by\" \/>\n\t<meta name=\"twitter:data1\" content=\"Carlota Cort\u00e9s\" \/>\n\t<meta name=\"twitter:label2\" content=\"Est. reading time\" \/>\n\t<meta name=\"twitter:data2\" content=\"5 minutes\" \/>\n<script type=\"application\/ld+json\" class=\"yoast-schema-graph\">{\"@context\":\"https:\\\/\\\/schema.org\",\"@graph\":[{\"@type\":\"Article\",\"@id\":\"https:\\\/\\\/www.naircenter.com\\\/en\\\/nair-center-and-the-government-of-navarra-to-host-the-national-ai-congress-in-pamplona-on-6-may\\\/#article\",\"isPartOf\":{\"@id\":\"https:\\\/\\\/www.naircenter.com\\\/en\\\/nair-center-and-the-government-of-navarra-to-host-the-national-ai-congress-in-pamplona-on-6-may\\\/\"},\"author\":{\"name\":\"Carlota Cort\u00e9s\",\"@id\":\"https:\\\/\\\/www.naircenter.com\\\/#\\\/schema\\\/person\\\/f4940c0320240ffcb2baddbd099d31fa\"},\"headline\":\"NAIR Center and the Government of Navarra to host the National AI Congress in Pamplona on 6 May\",\"datePublished\":\"2025-04-07T09:35:11+00:00\",\"dateModified\":\"2026-01-13T11:44:55+00:00\",\"mainEntityOfPage\":{\"@id\":\"https:\\\/\\\/www.naircenter.com\\\/en\\\/nair-center-and-the-government-of-navarra-to-host-the-national-ai-congress-in-pamplona-on-6-may\\\/\"},\"wordCount\":983,\"publisher\":{\"@id\":\"https:\\\/\\\/www.naircenter.com\\\/#organization\"},\"image\":{\"@id\":\"https:\\\/\\\/www.naircenter.com\\\/en\\\/nair-center-and-the-government-of-navarra-to-host-the-national-ai-congress-in-pamplona-on-6-may\\\/#primaryimage\"},\"thumbnailUrl\":\"https:\\\/\\\/www.naircenter.com\\\/wp-content\\\/uploads\\\/2025\\\/04\\\/25_04_07-presentacion-CongresoIA_Q5A2371-scaled.jpg\",\"articleSection\":[\"Sin categorizar\"],\"inLanguage\":\"en-US\"},{\"@type\":\"WebPage\",\"@id\":\"https:\\\/\\\/www.naircenter.com\\\/en\\\/nair-center-and-the-government-of-navarra-to-host-the-national-ai-congress-in-pamplona-on-6-may\\\/\",\"url\":\"https:\\\/\\\/www.naircenter.com\\\/en\\\/nair-center-and-the-government-of-navarra-to-host-the-national-ai-congress-in-pamplona-on-6-may\\\/\",\"name\":\"NAIR Center and the Government of Navarra to host the National AI Congress in Pamplona on 6 May - NAIR\",\"isPartOf\":{\"@id\":\"https:\\\/\\\/www.naircenter.com\\\/#website\"},\"primaryImageOfPage\":{\"@id\":\"https:\\\/\\\/www.naircenter.com\\\/en\\\/nair-center-and-the-government-of-navarra-to-host-the-national-ai-congress-in-pamplona-on-6-may\\\/#primaryimage\"},\"image\":{\"@id\":\"https:\\\/\\\/www.naircenter.com\\\/en\\\/nair-center-and-the-government-of-navarra-to-host-the-national-ai-congress-in-pamplona-on-6-may\\\/#primaryimage\"},\"thumbnailUrl\":\"https:\\\/\\\/www.naircenter.com\\\/wp-content\\\/uploads\\\/2025\\\/04\\\/25_04_07-presentacion-CongresoIA_Q5A2371-scaled.jpg\",\"datePublished\":\"2025-04-07T09:35:11+00:00\",\"dateModified\":\"2026-01-13T11:44:55+00:00\",\"breadcrumb\":{\"@id\":\"https:\\\/\\\/www.naircenter.com\\\/en\\\/nair-center-and-the-government-of-navarra-to-host-the-national-ai-congress-in-pamplona-on-6-may\\\/#breadcrumb\"},\"inLanguage\":\"en-US\",\"potentialAction\":[{\"@type\":\"ReadAction\",\"target\":[\"https:\\\/\\\/www.naircenter.com\\\/en\\\/nair-center-and-the-government-of-navarra-to-host-the-national-ai-congress-in-pamplona-on-6-may\\\/\"]}]},{\"@type\":\"ImageObject\",\"inLanguage\":\"en-US\",\"@id\":\"https:\\\/\\\/www.naircenter.com\\\/en\\\/nair-center-and-the-government-of-navarra-to-host-the-national-ai-congress-in-pamplona-on-6-may\\\/#primaryimage\",\"url\":\"https:\\\/\\\/www.naircenter.com\\\/wp-content\\\/uploads\\\/2025\\\/04\\\/25_04_07-presentacion-CongresoIA_Q5A2371-scaled.jpg\",\"contentUrl\":\"https:\\\/\\\/www.naircenter.com\\\/wp-content\\\/uploads\\\/2025\\\/04\\\/25_04_07-presentacion-CongresoIA_Q5A2371-scaled.jpg\",\"width\":2560,\"height\":1707,\"caption\":\"A* Jes\u00fas Garzaron F* 2025_04_07 T* Presentaci\u00f3n del Congreso Nacional de Inteligencia Artificial. L* Sala de prensa, Palacio de Navarra.\"},{\"@type\":\"BreadcrumbList\",\"@id\":\"https:\\\/\\\/www.naircenter.com\\\/en\\\/nair-center-and-the-government-of-navarra-to-host-the-national-ai-congress-in-pamplona-on-6-may\\\/#breadcrumb\",\"itemListElement\":[{\"@type\":\"ListItem\",\"position\":1,\"name\":\"Portada\",\"item\":\"https:\\\/\\\/www.naircenter.com\\\/en\\\/\"},{\"@type\":\"ListItem\",\"position\":2,\"name\":\"NAIR Center and the Government of Navarra to host the National AI Congress in Pamplona on 6 May\"}]},{\"@type\":\"WebSite\",\"@id\":\"https:\\\/\\\/www.naircenter.com\\\/#website\",\"url\":\"https:\\\/\\\/www.naircenter.com\\\/\",\"name\":\"NAIR\",\"description\":\"\",\"publisher\":{\"@id\":\"https:\\\/\\\/www.naircenter.com\\\/#organization\"},\"potentialAction\":[{\"@type\":\"SearchAction\",\"target\":{\"@type\":\"EntryPoint\",\"urlTemplate\":\"https:\\\/\\\/www.naircenter.com\\\/?s={search_term_string}\"},\"query-input\":{\"@type\":\"PropertyValueSpecification\",\"valueRequired\":true,\"valueName\":\"search_term_string\"}}],\"inLanguage\":\"en-US\"},{\"@type\":\"Organization\",\"@id\":\"https:\\\/\\\/www.naircenter.com\\\/#organization\",\"name\":\"NAIR\",\"url\":\"https:\\\/\\\/www.naircenter.com\\\/\",\"logo\":{\"@type\":\"ImageObject\",\"inLanguage\":\"en-US\",\"@id\":\"https:\\\/\\\/www.naircenter.com\\\/#\\\/schema\\\/logo\\\/image\\\/\",\"url\":\"https:\\\/\\\/www.naircenter.com\\\/wp-content\\\/uploads\\\/2023\\\/11\\\/nair-logo-n.png\",\"contentUrl\":\"https:\\\/\\\/www.naircenter.com\\\/wp-content\\\/uploads\\\/2023\\\/11\\\/nair-logo-n.png\",\"width\":450,\"height\":108,\"caption\":\"NAIR\"},\"image\":{\"@id\":\"https:\\\/\\\/www.naircenter.com\\\/#\\\/schema\\\/logo\\\/image\\\/\"}},{\"@type\":\"Person\",\"@id\":\"https:\\\/\\\/www.naircenter.com\\\/#\\\/schema\\\/person\\\/f4940c0320240ffcb2baddbd099d31fa\",\"name\":\"Carlota Cort\u00e9s\"}]}<\/script>\n<!-- \/ Yoast SEO plugin. -->","yoast_head_json":{"title":"NAIR Center and the Government of Navarra to host the National AI Congress in Pamplona on 6 May - NAIR","robots":{"index":"index","follow":"follow","max-snippet":"max-snippet:-1","max-image-preview":"max-image-preview:large","max-video-preview":"max-video-preview:-1"},"canonical":"https:\/\/www.naircenter.com\/en\/nair-center-and-the-government-of-navarra-to-host-the-national-ai-congress-in-pamplona-on-6-may\/","og_locale":"en_US","og_type":"article","og_title":"NAIR Center and the Government of Navarra to host the National AI Congress in Pamplona on 6 May - NAIR","og_description":"Pamplona will on 6 May become the\u00a0epicentre\u00a0of Spain\u2019s debate on Artificial Intelligence with the National AI Congress, a meeting that will bring together leading voices from across the country to...","og_url":"https:\/\/www.naircenter.com\/en\/nair-center-and-the-government-of-navarra-to-host-the-national-ai-congress-in-pamplona-on-6-may\/","og_site_name":"NAIR","article_published_time":"2025-04-07T09:35:11+00:00","article_modified_time":"2026-01-13T11:44:55+00:00","og_image":[{"width":2560,"height":1707,"url":"https:\/\/www.naircenter.com\/wp-content\/uploads\/2025\/04\/25_04_07-presentacion-CongresoIA_Q5A2371-scaled.jpg","type":"image\/jpeg"}],"author":"Carlota Cort\u00e9s","twitter_card":"summary_large_image","twitter_misc":{"Written by":"Carlota Cort\u00e9s","Est. reading time":"5 minutes"},"schema":{"@context":"https:\/\/schema.org","@graph":[{"@type":"Article","@id":"https:\/\/www.naircenter.com\/en\/nair-center-and-the-government-of-navarra-to-host-the-national-ai-congress-in-pamplona-on-6-may\/#article","isPartOf":{"@id":"https:\/\/www.naircenter.com\/en\/nair-center-and-the-government-of-navarra-to-host-the-national-ai-congress-in-pamplona-on-6-may\/"},"author":{"name":"Carlota Cort\u00e9s","@id":"https:\/\/www.naircenter.com\/#\/schema\/person\/f4940c0320240ffcb2baddbd099d31fa"},"headline":"NAIR Center and the Government of Navarra to host the National AI Congress in Pamplona on 6 May","datePublished":"2025-04-07T09:35:11+00:00","dateModified":"2026-01-13T11:44:55+00:00","mainEntityOfPage":{"@id":"https:\/\/www.naircenter.com\/en\/nair-center-and-the-government-of-navarra-to-host-the-national-ai-congress-in-pamplona-on-6-may\/"},"wordCount":983,"publisher":{"@id":"https:\/\/www.naircenter.com\/#organization"},"image":{"@id":"https:\/\/www.naircenter.com\/en\/nair-center-and-the-government-of-navarra-to-host-the-national-ai-congress-in-pamplona-on-6-may\/#primaryimage"},"thumbnailUrl":"https:\/\/www.naircenter.com\/wp-content\/uploads\/2025\/04\/25_04_07-presentacion-CongresoIA_Q5A2371-scaled.jpg","articleSection":["Sin categorizar"],"inLanguage":"en-US"},{"@type":"WebPage","@id":"https:\/\/www.naircenter.com\/en\/nair-center-and-the-government-of-navarra-to-host-the-national-ai-congress-in-pamplona-on-6-may\/","url":"https:\/\/www.naircenter.com\/en\/nair-center-and-the-government-of-navarra-to-host-the-national-ai-congress-in-pamplona-on-6-may\/","name":"NAIR Center and the Government of Navarra to host the National AI Congress in Pamplona on 6 May - NAIR","isPartOf":{"@id":"https:\/\/www.naircenter.com\/#website"},"primaryImageOfPage":{"@id":"https:\/\/www.naircenter.com\/en\/nair-center-and-the-government-of-navarra-to-host-the-national-ai-congress-in-pamplona-on-6-may\/#primaryimage"},"image":{"@id":"https:\/\/www.naircenter.com\/en\/nair-center-and-the-government-of-navarra-to-host-the-national-ai-congress-in-pamplona-on-6-may\/#primaryimage"},"thumbnailUrl":"https:\/\/www.naircenter.com\/wp-content\/uploads\/2025\/04\/25_04_07-presentacion-CongresoIA_Q5A2371-scaled.jpg","datePublished":"2025-04-07T09:35:11+00:00","dateModified":"2026-01-13T11:44:55+00:00","breadcrumb":{"@id":"https:\/\/www.naircenter.com\/en\/nair-center-and-the-government-of-navarra-to-host-the-national-ai-congress-in-pamplona-on-6-may\/#breadcrumb"},"inLanguage":"en-US","potentialAction":[{"@type":"ReadAction","target":["https:\/\/www.naircenter.com\/en\/nair-center-and-the-government-of-navarra-to-host-the-national-ai-congress-in-pamplona-on-6-may\/"]}]},{"@type":"ImageObject","inLanguage":"en-US","@id":"https:\/\/www.naircenter.com\/en\/nair-center-and-the-government-of-navarra-to-host-the-national-ai-congress-in-pamplona-on-6-may\/#primaryimage","url":"https:\/\/www.naircenter.com\/wp-content\/uploads\/2025\/04\/25_04_07-presentacion-CongresoIA_Q5A2371-scaled.jpg","contentUrl":"https:\/\/www.naircenter.com\/wp-content\/uploads\/2025\/04\/25_04_07-presentacion-CongresoIA_Q5A2371-scaled.jpg","width":2560,"height":1707,"caption":"A* Jes\u00fas Garzaron F* 2025_04_07 T* Presentaci\u00f3n del Congreso Nacional de Inteligencia Artificial. L* Sala de prensa, Palacio de Navarra."},{"@type":"BreadcrumbList","@id":"https:\/\/www.naircenter.com\/en\/nair-center-and-the-government-of-navarra-to-host-the-national-ai-congress-in-pamplona-on-6-may\/#breadcrumb","itemListElement":[{"@type":"ListItem","position":1,"name":"Portada","item":"https:\/\/www.naircenter.com\/en\/"},{"@type":"ListItem","position":2,"name":"NAIR Center and the Government of Navarra to host the National AI Congress in Pamplona on 6 May"}]},{"@type":"WebSite","@id":"https:\/\/www.naircenter.com\/#website","url":"https:\/\/www.naircenter.com\/","name":"NAIR","description":"","publisher":{"@id":"https:\/\/www.naircenter.com\/#organization"},"potentialAction":[{"@type":"SearchAction","target":{"@type":"EntryPoint","urlTemplate":"https:\/\/www.naircenter.com\/?s={search_term_string}"},"query-input":{"@type":"PropertyValueSpecification","valueRequired":true,"valueName":"search_term_string"}}],"inLanguage":"en-US"},{"@type":"Organization","@id":"https:\/\/www.naircenter.com\/#organization","name":"NAIR","url":"https:\/\/www.naircenter.com\/","logo":{"@type":"ImageObject","inLanguage":"en-US","@id":"https:\/\/www.naircenter.com\/#\/schema\/logo\/image\/","url":"https:\/\/www.naircenter.com\/wp-content\/uploads\/2023\/11\/nair-logo-n.png","contentUrl":"https:\/\/www.naircenter.com\/wp-content\/uploads\/2023\/11\/nair-logo-n.png","width":450,"height":108,"caption":"NAIR"},"image":{"@id":"https:\/\/www.naircenter.com\/#\/schema\/logo\/image\/"}},{"@type":"Person","@id":"https:\/\/www.naircenter.com\/#\/schema\/person\/f4940c0320240ffcb2baddbd099d31fa","name":"Carlota Cort\u00e9s"}]}},"_links":{"self":[{"href":"https:\/\/www.naircenter.com\/en\/wp-json\/wp\/v2\/posts\/3393","targetHints":{"allow":["GET"]}}],"collection":[{"href":"https:\/\/www.naircenter.com\/en\/wp-json\/wp\/v2\/posts"}],"about":[{"href":"https:\/\/www.naircenter.com\/en\/wp-json\/wp\/v2\/types\/post"}],"author":[{"embeddable":true,"href":"https:\/\/www.naircenter.com\/en\/wp-json\/wp\/v2\/users\/2"}],"replies":[{"embeddable":true,"href":"https:\/\/www.naircenter.com\/en\/wp-json\/wp\/v2\/comments?post=3393"}],"version-history":[{"count":2,"href":"https:\/\/www.naircenter.com\/en\/wp-json\/wp\/v2\/posts\/3393\/revisions"}],"predecessor-version":[{"id":3395,"href":"https:\/\/www.naircenter.com\/en\/wp-json\/wp\/v2\/posts\/3393\/revisions\/3395"}],"wp:featuredmedia":[{"embeddable":true,"href":"https:\/\/www.naircenter.com\/en\/wp-json\/wp\/v2\/media\/2244"}],"wp:attachment":[{"href":"https:\/\/www.naircenter.com\/en\/wp-json\/wp\/v2\/media?parent=3393"}],"wp:term":[{"taxonomy":"category","embeddable":true,"href":"https:\/\/www.naircenter.com\/en\/wp-json\/wp\/v2\/categories?post=3393"},{"taxonomy":"post_tag","embeddable":true,"href":"https:\/\/www.naircenter.com\/en\/wp-json\/wp\/v2\/tags?post=3393"}],"curies":[{"name":"wp","href":"https:\/\/api.w.org\/{rel}","templated":true}]}}