{"id":3402,"date":"2024-07-16T10:26:40","date_gmt":"2024-07-16T08:26:40","guid":{"rendered":"https:\/\/www.naircenter.com\/dos-investigadores-del-nair-center-presentes-en-la-escuela-de-verano-de-la-universidad-de-salerno-sobre-ia\/"},"modified":"2026-01-13T13:47:24","modified_gmt":"2026-01-13T12:47:24","slug":"two-nair-center-researchers-attend-the-university-of-salernos-summer-school-on-ai","status":"publish","type":"post","link":"https:\/\/www.naircenter.com\/en\/two-nair-center-researchers-attend-the-university-of-salernos-summer-school-on-ai\/","title":{"rendered":"Two NAIR Center researchers attend the University of Salerno\u2019s Summer School on AI"},"content":{"rendered":"<div style=\"text-align: justify;\">\n<p><strong>Theme: the relationship between artificial intelligence and business management.\u00a0<\/strong><\/p>\n<p><strong>Funded by: Fundaci\u00f3n Caja Navarra.\u00a0<\/strong><\/p>\n<p><strong>Research areas: computational neuroscience and intelligent data fusion.\u00a0<\/strong><\/p>\n<p><span data-contrast=\"auto\">Pamplona, 16 July 2024 \u2014 NAIR Center researchers Ander Go\u00f1i Medrano and Juan Pedro Garc\u00eda Ortiz, both funded by Fundaci\u00f3n Caja Navarra, attended the International Doctoral Summer School on Artificial Intelligence, Big Data &amp; Management (IDSS-SouthernItaly\u00a02024),\u00a0organised\u00a0by the University of Salerno in collaboration with the universities of Naples Parthenope, Nicosia and UPNA.<\/span><span data-ccp-props=\"{&quot;201341983&quot;:0,&quot;335551550&quot;:6,&quot;335551620&quot;:6,&quot;335559739&quot;:200,&quot;335559740&quot;:276}\">\u00a0<\/span><\/p>\n<p><span data-contrast=\"auto\">The intensive five-day\u00a0programme\u00a0brought together around fifty participants from Cyprus, Canada, Spain, Italy and other countries, and featured lectures by international experts alongside hands-on sessions and networking to build lasting research links.<\/span><span data-ccp-props=\"{&quot;201341983&quot;:0,&quot;335551550&quot;:6,&quot;335551620&quot;:6,&quot;335559739&quot;:200,&quot;335559740&quot;:276}\">\u00a0<\/span><\/p>\n<p><span data-contrast=\"auto\">The summer school examined AI\u2019s relationship with business management, addressing data-driven decision-making, process\u00a0automation\u00a0and the governance of AI projects in\u00a0organisations.\u00a0The participation of NAIR researchers forms part of the\u00a0centre\u2019s\u00a0training plan for doctoral candidates in computational neuroscience and intelligent data fusion.<\/span><span data-ccp-props=\"{&quot;201341983&quot;:0,&quot;335551550&quot;:6,&quot;335551620&quot;:6,&quot;335559739&quot;:200,&quot;335559740&quot;:276}\">\u00a0<\/span><\/p>\n<p><span data-contrast=\"auto\">The initiative strengthens NAIR Center\u2019s\u00a0internationalisation\u00a0and the professional development of its young researchers.<\/span><span data-ccp-props=\"{&quot;201341983&quot;:0,&quot;335551550&quot;:6,&quot;335551620&quot;:6,&quot;335559739&quot;:200,&quot;335559740&quot;:276}\">\u00a0<\/span><\/p>\n<p><span data-ccp-props=\"{&quot;201341983&quot;:0,&quot;335551550&quot;:6,&quot;335551620&quot;:6,&quot;335559739&quot;:200,&quot;335559740&quot;:276}\">\u00a0<\/span><\/p>\n<p><a href=\"https:\/\/www.naircenter.com\/en\/intelligent-data-fusion\/\" target=\"_blank\" rel=\"noopener\">More information about NAIR&#8217;s research areas can be found at this link.<\/a><\/p>\n<p><a href=\"https:\/\/www.naircenter.com\/en\/fundacion-caja-navarra-collaborates-with-nair-center-on-research-into-computational-neuroscience-and-data-information-fusion\/\" target=\"_blank\" rel=\"noopener\">More information about the agreement with Fundaci\u00f3n Caja Navarra can be found at this link.<\/a><\/p>\n<p><a href=\"https:\/\/www.naircenter.com\/en\/upna-co-organises-a-doctoral-summer-school-in-italy-dedicated-to-artificial-intelligence\/\" target=\"_blank\" rel=\"noopener\">More information about IDSS-Southern Italy can be found at this link.\u00a0<\/a><\/p>\n<\/div>\n","protected":false},"excerpt":{"rendered":"<p>Theme: the relationship between artificial intelligence and business management.\u00a0 Funded by: Fundaci\u00f3n Caja Navarra.\u00a0 Research areas: computational neuroscience and intelligent data fusion.\u00a0 Pamplona, 16 July 2024 \u2014 NAIR Center researchers&#8230;<\/p>\n","protected":false},"author":2,"featured_media":1570,"comment_status":"closed","ping_status":"closed","sticky":false,"template":"","format":"standard","meta":{"footnotes":""},"categories":[1],"tags":[],"class_list":{"0":"post-3402","1":"post","2":"type-post","3":"status-publish","4":"format-standard","5":"has-post-thumbnail","7":"category-sin-categorizar"},"yoast_head":"<!-- This site is optimized with the Yoast SEO plugin v27.3 - https:\/\/yoast.com\/product\/yoast-seo-wordpress\/ -->\n<title>Two NAIR Center researchers attend the University of Salerno\u2019s Summer School on AI - NAIR<\/title>\n<meta name=\"robots\" content=\"index, follow, max-snippet:-1, max-image-preview:large, max-video-preview:-1\" \/>\n<link rel=\"canonical\" href=\"https:\/\/www.naircenter.com\/en\/two-nair-center-researchers-attend-the-university-of-salernos-summer-school-on-ai\/\" \/>\n<meta property=\"og:locale\" content=\"en_US\" \/>\n<meta property=\"og:type\" content=\"article\" \/>\n<meta property=\"og:title\" content=\"Two NAIR Center researchers attend the University of Salerno\u2019s Summer School on AI - NAIR\" \/>\n<meta property=\"og:description\" content=\"Theme: the relationship between artificial intelligence and business management.\u00a0 Funded by: Fundaci\u00f3n Caja Navarra.\u00a0 Research areas: computational neuroscience and intelligent data fusion.\u00a0 Pamplona, 16 July 2024 \u2014 NAIR Center researchers...\" \/>\n<meta property=\"og:url\" content=\"https:\/\/www.naircenter.com\/en\/two-nair-center-researchers-attend-the-university-of-salernos-summer-school-on-ai\/\" \/>\n<meta property=\"og:site_name\" content=\"NAIR\" \/>\n<meta property=\"article:published_time\" content=\"2024-07-16T08:26:40+00:00\" \/>\n<meta property=\"article:modified_time\" content=\"2026-01-13T12:47:24+00:00\" \/>\n<meta property=\"og:image\" content=\"https:\/\/www.naircenter.com\/wp-content\/uploads\/2024\/07\/FCN-NAIR-Becados-Universidad-de-Salerno.jpeg\" \/>\n\t<meta property=\"og:image:width\" content=\"1600\" \/>\n\t<meta property=\"og:image:height\" content=\"1138\" \/>\n\t<meta property=\"og:image:type\" content=\"image\/jpeg\" \/>\n<meta name=\"author\" content=\"Carlota Cort\u00e9s\" \/>\n<meta name=\"twitter:card\" content=\"summary_large_image\" \/>\n<meta name=\"twitter:label1\" content=\"Written by\" \/>\n\t<meta name=\"twitter:data1\" content=\"Carlota Cort\u00e9s\" \/>\n\t<meta name=\"twitter:label2\" content=\"Est. reading time\" \/>\n\t<meta name=\"twitter:data2\" content=\"2 minutes\" \/>\n<script type=\"application\/ld+json\" class=\"yoast-schema-graph\">{\"@context\":\"https:\\\/\\\/schema.org\",\"@graph\":[{\"@type\":\"Article\",\"@id\":\"https:\\\/\\\/www.naircenter.com\\\/en\\\/two-nair-center-researchers-attend-the-university-of-salernos-summer-school-on-ai\\\/#article\",\"isPartOf\":{\"@id\":\"https:\\\/\\\/www.naircenter.com\\\/en\\\/two-nair-center-researchers-attend-the-university-of-salernos-summer-school-on-ai\\\/\"},\"author\":{\"name\":\"Carlota Cort\u00e9s\",\"@id\":\"https:\\\/\\\/www.naircenter.com\\\/#\\\/schema\\\/person\\\/f4940c0320240ffcb2baddbd099d31fa\"},\"headline\":\"Two NAIR Center researchers attend the University of Salerno\u2019s Summer School on AI\",\"datePublished\":\"2024-07-16T08:26:40+00:00\",\"dateModified\":\"2026-01-13T12:47:24+00:00\",\"mainEntityOfPage\":{\"@id\":\"https:\\\/\\\/www.naircenter.com\\\/en\\\/two-nair-center-researchers-attend-the-university-of-salernos-summer-school-on-ai\\\/\"},\"wordCount\":224,\"publisher\":{\"@id\":\"https:\\\/\\\/www.naircenter.com\\\/#organization\"},\"image\":{\"@id\":\"https:\\\/\\\/www.naircenter.com\\\/en\\\/two-nair-center-researchers-attend-the-university-of-salernos-summer-school-on-ai\\\/#primaryimage\"},\"thumbnailUrl\":\"https:\\\/\\\/www.naircenter.com\\\/wp-content\\\/uploads\\\/2024\\\/07\\\/FCN-NAIR-Becados-Universidad-de-Salerno.jpeg\",\"articleSection\":[\"Sin categorizar\"],\"inLanguage\":\"en-US\"},{\"@type\":\"WebPage\",\"@id\":\"https:\\\/\\\/www.naircenter.com\\\/en\\\/two-nair-center-researchers-attend-the-university-of-salernos-summer-school-on-ai\\\/\",\"url\":\"https:\\\/\\\/www.naircenter.com\\\/en\\\/two-nair-center-researchers-attend-the-university-of-salernos-summer-school-on-ai\\\/\",\"name\":\"Two NAIR Center researchers attend the University of Salerno\u2019s Summer School on AI - NAIR\",\"isPartOf\":{\"@id\":\"https:\\\/\\\/www.naircenter.com\\\/#website\"},\"primaryImageOfPage\":{\"@id\":\"https:\\\/\\\/www.naircenter.com\\\/en\\\/two-nair-center-researchers-attend-the-university-of-salernos-summer-school-on-ai\\\/#primaryimage\"},\"image\":{\"@id\":\"https:\\\/\\\/www.naircenter.com\\\/en\\\/two-nair-center-researchers-attend-the-university-of-salernos-summer-school-on-ai\\\/#primaryimage\"},\"thumbnailUrl\":\"https:\\\/\\\/www.naircenter.com\\\/wp-content\\\/uploads\\\/2024\\\/07\\\/FCN-NAIR-Becados-Universidad-de-Salerno.jpeg\",\"datePublished\":\"2024-07-16T08:26:40+00:00\",\"dateModified\":\"2026-01-13T12:47:24+00:00\",\"breadcrumb\":{\"@id\":\"https:\\\/\\\/www.naircenter.com\\\/en\\\/two-nair-center-researchers-attend-the-university-of-salernos-summer-school-on-ai\\\/#breadcrumb\"},\"inLanguage\":\"en-US\",\"potentialAction\":[{\"@type\":\"ReadAction\",\"target\":[\"https:\\\/\\\/www.naircenter.com\\\/en\\\/two-nair-center-researchers-attend-the-university-of-salernos-summer-school-on-ai\\\/\"]}]},{\"@type\":\"ImageObject\",\"inLanguage\":\"en-US\",\"@id\":\"https:\\\/\\\/www.naircenter.com\\\/en\\\/two-nair-center-researchers-attend-the-university-of-salernos-summer-school-on-ai\\\/#primaryimage\",\"url\":\"https:\\\/\\\/www.naircenter.com\\\/wp-content\\\/uploads\\\/2024\\\/07\\\/FCN-NAIR-Becados-Universidad-de-Salerno.jpeg\",\"contentUrl\":\"https:\\\/\\\/www.naircenter.com\\\/wp-content\\\/uploads\\\/2024\\\/07\\\/FCN-NAIR-Becados-Universidad-de-Salerno.jpeg\",\"width\":1600,\"height\":1138},{\"@type\":\"BreadcrumbList\",\"@id\":\"https:\\\/\\\/www.naircenter.com\\\/en\\\/two-nair-center-researchers-attend-the-university-of-salernos-summer-school-on-ai\\\/#breadcrumb\",\"itemListElement\":[{\"@type\":\"ListItem\",\"position\":1,\"name\":\"Portada\",\"item\":\"https:\\\/\\\/www.naircenter.com\\\/en\\\/\"},{\"@type\":\"ListItem\",\"position\":2,\"name\":\"Two NAIR Center researchers attend the University of Salerno\u2019s Summer School on AI\"}]},{\"@type\":\"WebSite\",\"@id\":\"https:\\\/\\\/www.naircenter.com\\\/#website\",\"url\":\"https:\\\/\\\/www.naircenter.com\\\/\",\"name\":\"NAIR\",\"description\":\"\",\"publisher\":{\"@id\":\"https:\\\/\\\/www.naircenter.com\\\/#organization\"},\"potentialAction\":[{\"@type\":\"SearchAction\",\"target\":{\"@type\":\"EntryPoint\",\"urlTemplate\":\"https:\\\/\\\/www.naircenter.com\\\/?s={search_term_string}\"},\"query-input\":{\"@type\":\"PropertyValueSpecification\",\"valueRequired\":true,\"valueName\":\"search_term_string\"}}],\"inLanguage\":\"en-US\"},{\"@type\":\"Organization\",\"@id\":\"https:\\\/\\\/www.naircenter.com\\\/#organization\",\"name\":\"NAIR\",\"url\":\"https:\\\/\\\/www.naircenter.com\\\/\",\"logo\":{\"@type\":\"ImageObject\",\"inLanguage\":\"en-US\",\"@id\":\"https:\\\/\\\/www.naircenter.com\\\/#\\\/schema\\\/logo\\\/image\\\/\",\"url\":\"https:\\\/\\\/www.naircenter.com\\\/wp-content\\\/uploads\\\/2023\\\/11\\\/nair-logo-n.png\",\"contentUrl\":\"https:\\\/\\\/www.naircenter.com\\\/wp-content\\\/uploads\\\/2023\\\/11\\\/nair-logo-n.png\",\"width\":450,\"height\":108,\"caption\":\"NAIR\"},\"image\":{\"@id\":\"https:\\\/\\\/www.naircenter.com\\\/#\\\/schema\\\/logo\\\/image\\\/\"}},{\"@type\":\"Person\",\"@id\":\"https:\\\/\\\/www.naircenter.com\\\/#\\\/schema\\\/person\\\/f4940c0320240ffcb2baddbd099d31fa\",\"name\":\"Carlota Cort\u00e9s\"}]}<\/script>\n<!-- \/ Yoast SEO plugin. -->","yoast_head_json":{"title":"Two NAIR Center researchers attend the University of Salerno\u2019s Summer School on AI - NAIR","robots":{"index":"index","follow":"follow","max-snippet":"max-snippet:-1","max-image-preview":"max-image-preview:large","max-video-preview":"max-video-preview:-1"},"canonical":"https:\/\/www.naircenter.com\/en\/two-nair-center-researchers-attend-the-university-of-salernos-summer-school-on-ai\/","og_locale":"en_US","og_type":"article","og_title":"Two NAIR Center researchers attend the University of Salerno\u2019s Summer School on AI - NAIR","og_description":"Theme: the relationship between artificial intelligence and business management.\u00a0 Funded by: Fundaci\u00f3n Caja Navarra.\u00a0 Research areas: computational neuroscience and intelligent data fusion.\u00a0 Pamplona, 16 July 2024 \u2014 NAIR Center researchers...","og_url":"https:\/\/www.naircenter.com\/en\/two-nair-center-researchers-attend-the-university-of-salernos-summer-school-on-ai\/","og_site_name":"NAIR","article_published_time":"2024-07-16T08:26:40+00:00","article_modified_time":"2026-01-13T12:47:24+00:00","og_image":[{"width":1600,"height":1138,"url":"https:\/\/www.naircenter.com\/wp-content\/uploads\/2024\/07\/FCN-NAIR-Becados-Universidad-de-Salerno.jpeg","type":"image\/jpeg"}],"author":"Carlota Cort\u00e9s","twitter_card":"summary_large_image","twitter_misc":{"Written by":"Carlota Cort\u00e9s","Est. reading time":"2 minutes"},"schema":{"@context":"https:\/\/schema.org","@graph":[{"@type":"Article","@id":"https:\/\/www.naircenter.com\/en\/two-nair-center-researchers-attend-the-university-of-salernos-summer-school-on-ai\/#article","isPartOf":{"@id":"https:\/\/www.naircenter.com\/en\/two-nair-center-researchers-attend-the-university-of-salernos-summer-school-on-ai\/"},"author":{"name":"Carlota Cort\u00e9s","@id":"https:\/\/www.naircenter.com\/#\/schema\/person\/f4940c0320240ffcb2baddbd099d31fa"},"headline":"Two NAIR Center researchers attend the University of Salerno\u2019s Summer School on AI","datePublished":"2024-07-16T08:26:40+00:00","dateModified":"2026-01-13T12:47:24+00:00","mainEntityOfPage":{"@id":"https:\/\/www.naircenter.com\/en\/two-nair-center-researchers-attend-the-university-of-salernos-summer-school-on-ai\/"},"wordCount":224,"publisher":{"@id":"https:\/\/www.naircenter.com\/#organization"},"image":{"@id":"https:\/\/www.naircenter.com\/en\/two-nair-center-researchers-attend-the-university-of-salernos-summer-school-on-ai\/#primaryimage"},"thumbnailUrl":"https:\/\/www.naircenter.com\/wp-content\/uploads\/2024\/07\/FCN-NAIR-Becados-Universidad-de-Salerno.jpeg","articleSection":["Sin categorizar"],"inLanguage":"en-US"},{"@type":"WebPage","@id":"https:\/\/www.naircenter.com\/en\/two-nair-center-researchers-attend-the-university-of-salernos-summer-school-on-ai\/","url":"https:\/\/www.naircenter.com\/en\/two-nair-center-researchers-attend-the-university-of-salernos-summer-school-on-ai\/","name":"Two NAIR Center researchers attend the University of Salerno\u2019s Summer School on AI - NAIR","isPartOf":{"@id":"https:\/\/www.naircenter.com\/#website"},"primaryImageOfPage":{"@id":"https:\/\/www.naircenter.com\/en\/two-nair-center-researchers-attend-the-university-of-salernos-summer-school-on-ai\/#primaryimage"},"image":{"@id":"https:\/\/www.naircenter.com\/en\/two-nair-center-researchers-attend-the-university-of-salernos-summer-school-on-ai\/#primaryimage"},"thumbnailUrl":"https:\/\/www.naircenter.com\/wp-content\/uploads\/2024\/07\/FCN-NAIR-Becados-Universidad-de-Salerno.jpeg","datePublished":"2024-07-16T08:26:40+00:00","dateModified":"2026-01-13T12:47:24+00:00","breadcrumb":{"@id":"https:\/\/www.naircenter.com\/en\/two-nair-center-researchers-attend-the-university-of-salernos-summer-school-on-ai\/#breadcrumb"},"inLanguage":"en-US","potentialAction":[{"@type":"ReadAction","target":["https:\/\/www.naircenter.com\/en\/two-nair-center-researchers-attend-the-university-of-salernos-summer-school-on-ai\/"]}]},{"@type":"ImageObject","inLanguage":"en-US","@id":"https:\/\/www.naircenter.com\/en\/two-nair-center-researchers-attend-the-university-of-salernos-summer-school-on-ai\/#primaryimage","url":"https:\/\/www.naircenter.com\/wp-content\/uploads\/2024\/07\/FCN-NAIR-Becados-Universidad-de-Salerno.jpeg","contentUrl":"https:\/\/www.naircenter.com\/wp-content\/uploads\/2024\/07\/FCN-NAIR-Becados-Universidad-de-Salerno.jpeg","width":1600,"height":1138},{"@type":"BreadcrumbList","@id":"https:\/\/www.naircenter.com\/en\/two-nair-center-researchers-attend-the-university-of-salernos-summer-school-on-ai\/#breadcrumb","itemListElement":[{"@type":"ListItem","position":1,"name":"Portada","item":"https:\/\/www.naircenter.com\/en\/"},{"@type":"ListItem","position":2,"name":"Two NAIR Center researchers attend the University of Salerno\u2019s Summer School on AI"}]},{"@type":"WebSite","@id":"https:\/\/www.naircenter.com\/#website","url":"https:\/\/www.naircenter.com\/","name":"NAIR","description":"","publisher":{"@id":"https:\/\/www.naircenter.com\/#organization"},"potentialAction":[{"@type":"SearchAction","target":{"@type":"EntryPoint","urlTemplate":"https:\/\/www.naircenter.com\/?s={search_term_string}"},"query-input":{"@type":"PropertyValueSpecification","valueRequired":true,"valueName":"search_term_string"}}],"inLanguage":"en-US"},{"@type":"Organization","@id":"https:\/\/www.naircenter.com\/#organization","name":"NAIR","url":"https:\/\/www.naircenter.com\/","logo":{"@type":"ImageObject","inLanguage":"en-US","@id":"https:\/\/www.naircenter.com\/#\/schema\/logo\/image\/","url":"https:\/\/www.naircenter.com\/wp-content\/uploads\/2023\/11\/nair-logo-n.png","contentUrl":"https:\/\/www.naircenter.com\/wp-content\/uploads\/2023\/11\/nair-logo-n.png","width":450,"height":108,"caption":"NAIR"},"image":{"@id":"https:\/\/www.naircenter.com\/#\/schema\/logo\/image\/"}},{"@type":"Person","@id":"https:\/\/www.naircenter.com\/#\/schema\/person\/f4940c0320240ffcb2baddbd099d31fa","name":"Carlota Cort\u00e9s"}]}},"_links":{"self":[{"href":"https:\/\/www.naircenter.com\/en\/wp-json\/wp\/v2\/posts\/3402","targetHints":{"allow":["GET"]}}],"collection":[{"href":"https:\/\/www.naircenter.com\/en\/wp-json\/wp\/v2\/posts"}],"about":[{"href":"https:\/\/www.naircenter.com\/en\/wp-json\/wp\/v2\/types\/post"}],"author":[{"embeddable":true,"href":"https:\/\/www.naircenter.com\/en\/wp-json\/wp\/v2\/users\/2"}],"replies":[{"embeddable":true,"href":"https:\/\/www.naircenter.com\/en\/wp-json\/wp\/v2\/comments?post=3402"}],"version-history":[{"count":3,"href":"https:\/\/www.naircenter.com\/en\/wp-json\/wp\/v2\/posts\/3402\/revisions"}],"predecessor-version":[{"id":3405,"href":"https:\/\/www.naircenter.com\/en\/wp-json\/wp\/v2\/posts\/3402\/revisions\/3405"}],"wp:featuredmedia":[{"embeddable":true,"href":"https:\/\/www.naircenter.com\/en\/wp-json\/wp\/v2\/media\/1570"}],"wp:attachment":[{"href":"https:\/\/www.naircenter.com\/en\/wp-json\/wp\/v2\/media?parent=3402"}],"wp:term":[{"taxonomy":"category","embeddable":true,"href":"https:\/\/www.naircenter.com\/en\/wp-json\/wp\/v2\/categories?post=3402"},{"taxonomy":"post_tag","embeddable":true,"href":"https:\/\/www.naircenter.com\/en\/wp-json\/wp\/v2\/tags?post=3402"}],"curies":[{"name":"wp","href":"https:\/\/api.w.org\/{rel}","templated":true}]}}