{"id":3411,"date":"2024-06-28T14:53:39","date_gmt":"2024-06-28T12:53:39","guid":{"rendered":"https:\/\/www.naircenter.com\/la-upna-coorganiza-en-italia-una-escuela-de-verano-para-estudiantes-de-doctorado-dedicada-a-la-inteligencia-artificial\/"},"modified":"2026-03-03T17:29:28","modified_gmt":"2026-03-03T16:29:28","slug":"upna-co-organises-a-doctoral-summer-school-in-italy-dedicated-to-artificial-intelligence","status":"publish","type":"post","link":"https:\/\/www.naircenter.com\/en\/upna-co-organises-a-doctoral-summer-school-in-italy-dedicated-to-artificial-intelligence\/","title":{"rendered":"UPNA co-organises a doctoral summer school in Italy dedicated to Artificial Intelligence"},"content":{"rendered":"<div style=\"text-align: justify;\">\n<h3>Professor Carlos L\u00f3pez\u2011Molina and six doctoral candidates from the Navarra academic community took part in the meeting held in Paestum.<\/h3>\n<p>The Public University of Navarra (UPNA), in collaboration with other European institutions, co\u2011organised an international summer school for doctoral students focused on Artificial Intelligence. The delegation included Professor of Mathematics Carlos L\u00f3pez\u2011Molina, who delivered two lectures, together with six PhD candidates.<\/p>\n<p>Specifically: Mikel Ferrero Jaurrieta, Xabier Gonz\u00e1lez Go\u00f1i, Ander Go\u00f1i Medrano (NAIR Center), and three researchers affiliated with UPNA\u2019s doctoral programmes: Matteo Carollo and Fabio Gil Zuluaga, among others.<\/p>\n<p><strong>International summer school<\/strong><\/p>\n<p>Held in June in Paestum (Italy), the school was promoted by UPNA, the University of Salerno (UNISA) and the University of Naples Parthenope, and brought together students from several countries to explore the state of the art in AI and its applications across industry and public services.<\/p>\n<p>The programme combined theoretical sessions with hands\u2011on workshops and round\u2011table discussions on topics such as machine learning, data fusion, explainable AI and the ethical, legal and social implications of automated systems.<\/p>\n<p>The initiative strengthened international collaboration and allowed participants to build research links with leading groups, supporting the development of high\u2011level skills in Navarra\u2019s doctoral community.<\/p>\n<\/div>\n","protected":false},"excerpt":{"rendered":"<p>Professor Carlos L\u00f3pez\u2011Molina and six doctoral candidates from the Navarra academic community took part in the meeting held in Paestum. The Public University of Navarra (UPNA), in collaboration with other&#8230;<\/p>\n","protected":false},"author":2,"featured_media":1548,"comment_status":"closed","ping_status":"closed","sticky":false,"template":"","format":"standard","meta":{"footnotes":""},"categories":[1],"tags":[],"class_list":{"0":"post-3411","1":"post","2":"type-post","3":"status-publish","4":"format-standard","5":"has-post-thumbnail","7":"category-sin-categorizar"},"yoast_head":"<!-- This site is optimized with the Yoast SEO plugin v27.3 - https:\/\/yoast.com\/product\/yoast-seo-wordpress\/ -->\n<title>UPNA co-organises a doctoral summer school in Italy dedicated to Artificial Intelligence - NAIR<\/title>\n<meta name=\"robots\" content=\"index, follow, max-snippet:-1, max-image-preview:large, max-video-preview:-1\" \/>\n<link rel=\"canonical\" href=\"https:\/\/www.naircenter.com\/en\/upna-co-organises-a-doctoral-summer-school-in-italy-dedicated-to-artificial-intelligence\/\" \/>\n<meta property=\"og:locale\" content=\"en_US\" \/>\n<meta property=\"og:type\" content=\"article\" \/>\n<meta property=\"og:title\" content=\"UPNA co-organises a doctoral summer school in Italy dedicated to Artificial Intelligence - NAIR\" \/>\n<meta property=\"og:description\" content=\"Professor Carlos L\u00f3pez\u2011Molina and six doctoral candidates from the Navarra academic community took part in the meeting held in Paestum. The Public University of Navarra (UPNA), in collaboration with other...\" \/>\n<meta property=\"og:url\" content=\"https:\/\/www.naircenter.com\/en\/upna-co-organises-a-doctoral-summer-school-in-italy-dedicated-to-artificial-intelligence\/\" \/>\n<meta property=\"og:site_name\" content=\"NAIR\" \/>\n<meta property=\"article:published_time\" content=\"2024-06-28T12:53:39+00:00\" \/>\n<meta property=\"article:modified_time\" content=\"2026-03-03T16:29:28+00:00\" \/>\n<meta property=\"og:image\" content=\"https:\/\/www.naircenter.com\/wp-content\/uploads\/2024\/07\/Foto1-pq.jpg\" \/>\n\t<meta property=\"og:image:width\" content=\"900\" \/>\n\t<meta property=\"og:image:height\" content=\"550\" \/>\n\t<meta property=\"og:image:type\" content=\"image\/jpeg\" \/>\n<meta name=\"author\" content=\"Carlota Cort\u00e9s\" \/>\n<meta name=\"twitter:card\" content=\"summary_large_image\" \/>\n<meta name=\"twitter:label1\" content=\"Written by\" \/>\n\t<meta name=\"twitter:data1\" content=\"Carlota Cort\u00e9s\" \/>\n\t<meta name=\"twitter:label2\" content=\"Est. reading time\" \/>\n\t<meta name=\"twitter:data2\" content=\"2 minutes\" \/>\n<script type=\"application\/ld+json\" class=\"yoast-schema-graph\">{\"@context\":\"https:\\\/\\\/schema.org\",\"@graph\":[{\"@type\":\"Article\",\"@id\":\"https:\\\/\\\/www.naircenter.com\\\/en\\\/upna-co-organises-a-doctoral-summer-school-in-italy-dedicated-to-artificial-intelligence\\\/#article\",\"isPartOf\":{\"@id\":\"https:\\\/\\\/www.naircenter.com\\\/en\\\/upna-co-organises-a-doctoral-summer-school-in-italy-dedicated-to-artificial-intelligence\\\/\"},\"author\":{\"name\":\"Carlota Cort\u00e9s\",\"@id\":\"https:\\\/\\\/www.naircenter.com\\\/#\\\/schema\\\/person\\\/f4940c0320240ffcb2baddbd099d31fa\"},\"headline\":\"UPNA co-organises a doctoral summer school in Italy dedicated to Artificial Intelligence\",\"datePublished\":\"2024-06-28T12:53:39+00:00\",\"dateModified\":\"2026-03-03T16:29:28+00:00\",\"mainEntityOfPage\":{\"@id\":\"https:\\\/\\\/www.naircenter.com\\\/en\\\/upna-co-organises-a-doctoral-summer-school-in-italy-dedicated-to-artificial-intelligence\\\/\"},\"wordCount\":220,\"publisher\":{\"@id\":\"https:\\\/\\\/www.naircenter.com\\\/#organization\"},\"image\":{\"@id\":\"https:\\\/\\\/www.naircenter.com\\\/en\\\/upna-co-organises-a-doctoral-summer-school-in-italy-dedicated-to-artificial-intelligence\\\/#primaryimage\"},\"thumbnailUrl\":\"https:\\\/\\\/www.naircenter.com\\\/wp-content\\\/uploads\\\/2024\\\/07\\\/Foto1-pq.jpg\",\"articleSection\":[\"Sin categorizar\"],\"inLanguage\":\"en-US\"},{\"@type\":\"WebPage\",\"@id\":\"https:\\\/\\\/www.naircenter.com\\\/en\\\/upna-co-organises-a-doctoral-summer-school-in-italy-dedicated-to-artificial-intelligence\\\/\",\"url\":\"https:\\\/\\\/www.naircenter.com\\\/en\\\/upna-co-organises-a-doctoral-summer-school-in-italy-dedicated-to-artificial-intelligence\\\/\",\"name\":\"UPNA co-organises a doctoral summer school in Italy dedicated to Artificial Intelligence - NAIR\",\"isPartOf\":{\"@id\":\"https:\\\/\\\/www.naircenter.com\\\/#website\"},\"primaryImageOfPage\":{\"@id\":\"https:\\\/\\\/www.naircenter.com\\\/en\\\/upna-co-organises-a-doctoral-summer-school-in-italy-dedicated-to-artificial-intelligence\\\/#primaryimage\"},\"image\":{\"@id\":\"https:\\\/\\\/www.naircenter.com\\\/en\\\/upna-co-organises-a-doctoral-summer-school-in-italy-dedicated-to-artificial-intelligence\\\/#primaryimage\"},\"thumbnailUrl\":\"https:\\\/\\\/www.naircenter.com\\\/wp-content\\\/uploads\\\/2024\\\/07\\\/Foto1-pq.jpg\",\"datePublished\":\"2024-06-28T12:53:39+00:00\",\"dateModified\":\"2026-03-03T16:29:28+00:00\",\"breadcrumb\":{\"@id\":\"https:\\\/\\\/www.naircenter.com\\\/en\\\/upna-co-organises-a-doctoral-summer-school-in-italy-dedicated-to-artificial-intelligence\\\/#breadcrumb\"},\"inLanguage\":\"en-US\",\"potentialAction\":[{\"@type\":\"ReadAction\",\"target\":[\"https:\\\/\\\/www.naircenter.com\\\/en\\\/upna-co-organises-a-doctoral-summer-school-in-italy-dedicated-to-artificial-intelligence\\\/\"]}]},{\"@type\":\"ImageObject\",\"inLanguage\":\"en-US\",\"@id\":\"https:\\\/\\\/www.naircenter.com\\\/en\\\/upna-co-organises-a-doctoral-summer-school-in-italy-dedicated-to-artificial-intelligence\\\/#primaryimage\",\"url\":\"https:\\\/\\\/www.naircenter.com\\\/wp-content\\\/uploads\\\/2024\\\/07\\\/Foto1-pq.jpg\",\"contentUrl\":\"https:\\\/\\\/www.naircenter.com\\\/wp-content\\\/uploads\\\/2024\\\/07\\\/Foto1-pq.jpg\",\"width\":900,\"height\":550,\"caption\":\"De izq. a dcha.: Juan Pedro Garc\u00eda, Juan Quizhpilema, Alfredo Jim\u00e9nez (profesor de Kedge Business School), Ander Go\u00f1i, Mikel Ferrero, Xabier Gonz\u00e1lez y Iosu Rodr\u00edguez.\"},{\"@type\":\"BreadcrumbList\",\"@id\":\"https:\\\/\\\/www.naircenter.com\\\/en\\\/upna-co-organises-a-doctoral-summer-school-in-italy-dedicated-to-artificial-intelligence\\\/#breadcrumb\",\"itemListElement\":[{\"@type\":\"ListItem\",\"position\":1,\"name\":\"Portada\",\"item\":\"https:\\\/\\\/www.naircenter.com\\\/en\\\/\"},{\"@type\":\"ListItem\",\"position\":2,\"name\":\"UPNA co-organises a doctoral summer school in Italy dedicated to Artificial Intelligence\"}]},{\"@type\":\"WebSite\",\"@id\":\"https:\\\/\\\/www.naircenter.com\\\/#website\",\"url\":\"https:\\\/\\\/www.naircenter.com\\\/\",\"name\":\"NAIR\",\"description\":\"\",\"publisher\":{\"@id\":\"https:\\\/\\\/www.naircenter.com\\\/#organization\"},\"potentialAction\":[{\"@type\":\"SearchAction\",\"target\":{\"@type\":\"EntryPoint\",\"urlTemplate\":\"https:\\\/\\\/www.naircenter.com\\\/?s={search_term_string}\"},\"query-input\":{\"@type\":\"PropertyValueSpecification\",\"valueRequired\":true,\"valueName\":\"search_term_string\"}}],\"inLanguage\":\"en-US\"},{\"@type\":\"Organization\",\"@id\":\"https:\\\/\\\/www.naircenter.com\\\/#organization\",\"name\":\"NAIR\",\"url\":\"https:\\\/\\\/www.naircenter.com\\\/\",\"logo\":{\"@type\":\"ImageObject\",\"inLanguage\":\"en-US\",\"@id\":\"https:\\\/\\\/www.naircenter.com\\\/#\\\/schema\\\/logo\\\/image\\\/\",\"url\":\"https:\\\/\\\/www.naircenter.com\\\/wp-content\\\/uploads\\\/2023\\\/11\\\/nair-logo-n.png\",\"contentUrl\":\"https:\\\/\\\/www.naircenter.com\\\/wp-content\\\/uploads\\\/2023\\\/11\\\/nair-logo-n.png\",\"width\":450,\"height\":108,\"caption\":\"NAIR\"},\"image\":{\"@id\":\"https:\\\/\\\/www.naircenter.com\\\/#\\\/schema\\\/logo\\\/image\\\/\"}},{\"@type\":\"Person\",\"@id\":\"https:\\\/\\\/www.naircenter.com\\\/#\\\/schema\\\/person\\\/f4940c0320240ffcb2baddbd099d31fa\",\"name\":\"Carlota Cort\u00e9s\"}]}<\/script>\n<!-- \/ Yoast SEO plugin. -->","yoast_head_json":{"title":"UPNA co-organises a doctoral summer school in Italy dedicated to Artificial Intelligence - NAIR","robots":{"index":"index","follow":"follow","max-snippet":"max-snippet:-1","max-image-preview":"max-image-preview:large","max-video-preview":"max-video-preview:-1"},"canonical":"https:\/\/www.naircenter.com\/en\/upna-co-organises-a-doctoral-summer-school-in-italy-dedicated-to-artificial-intelligence\/","og_locale":"en_US","og_type":"article","og_title":"UPNA co-organises a doctoral summer school in Italy dedicated to Artificial Intelligence - NAIR","og_description":"Professor Carlos L\u00f3pez\u2011Molina and six doctoral candidates from the Navarra academic community took part in the meeting held in Paestum. The Public University of Navarra (UPNA), in collaboration with other...","og_url":"https:\/\/www.naircenter.com\/en\/upna-co-organises-a-doctoral-summer-school-in-italy-dedicated-to-artificial-intelligence\/","og_site_name":"NAIR","article_published_time":"2024-06-28T12:53:39+00:00","article_modified_time":"2026-03-03T16:29:28+00:00","og_image":[{"width":900,"height":550,"url":"https:\/\/www.naircenter.com\/wp-content\/uploads\/2024\/07\/Foto1-pq.jpg","type":"image\/jpeg"}],"author":"Carlota Cort\u00e9s","twitter_card":"summary_large_image","twitter_misc":{"Written by":"Carlota Cort\u00e9s","Est. reading time":"2 minutes"},"schema":{"@context":"https:\/\/schema.org","@graph":[{"@type":"Article","@id":"https:\/\/www.naircenter.com\/en\/upna-co-organises-a-doctoral-summer-school-in-italy-dedicated-to-artificial-intelligence\/#article","isPartOf":{"@id":"https:\/\/www.naircenter.com\/en\/upna-co-organises-a-doctoral-summer-school-in-italy-dedicated-to-artificial-intelligence\/"},"author":{"name":"Carlota Cort\u00e9s","@id":"https:\/\/www.naircenter.com\/#\/schema\/person\/f4940c0320240ffcb2baddbd099d31fa"},"headline":"UPNA co-organises a doctoral summer school in Italy dedicated to Artificial Intelligence","datePublished":"2024-06-28T12:53:39+00:00","dateModified":"2026-03-03T16:29:28+00:00","mainEntityOfPage":{"@id":"https:\/\/www.naircenter.com\/en\/upna-co-organises-a-doctoral-summer-school-in-italy-dedicated-to-artificial-intelligence\/"},"wordCount":220,"publisher":{"@id":"https:\/\/www.naircenter.com\/#organization"},"image":{"@id":"https:\/\/www.naircenter.com\/en\/upna-co-organises-a-doctoral-summer-school-in-italy-dedicated-to-artificial-intelligence\/#primaryimage"},"thumbnailUrl":"https:\/\/www.naircenter.com\/wp-content\/uploads\/2024\/07\/Foto1-pq.jpg","articleSection":["Sin categorizar"],"inLanguage":"en-US"},{"@type":"WebPage","@id":"https:\/\/www.naircenter.com\/en\/upna-co-organises-a-doctoral-summer-school-in-italy-dedicated-to-artificial-intelligence\/","url":"https:\/\/www.naircenter.com\/en\/upna-co-organises-a-doctoral-summer-school-in-italy-dedicated-to-artificial-intelligence\/","name":"UPNA co-organises a doctoral summer school in Italy dedicated to Artificial Intelligence - NAIR","isPartOf":{"@id":"https:\/\/www.naircenter.com\/#website"},"primaryImageOfPage":{"@id":"https:\/\/www.naircenter.com\/en\/upna-co-organises-a-doctoral-summer-school-in-italy-dedicated-to-artificial-intelligence\/#primaryimage"},"image":{"@id":"https:\/\/www.naircenter.com\/en\/upna-co-organises-a-doctoral-summer-school-in-italy-dedicated-to-artificial-intelligence\/#primaryimage"},"thumbnailUrl":"https:\/\/www.naircenter.com\/wp-content\/uploads\/2024\/07\/Foto1-pq.jpg","datePublished":"2024-06-28T12:53:39+00:00","dateModified":"2026-03-03T16:29:28+00:00","breadcrumb":{"@id":"https:\/\/www.naircenter.com\/en\/upna-co-organises-a-doctoral-summer-school-in-italy-dedicated-to-artificial-intelligence\/#breadcrumb"},"inLanguage":"en-US","potentialAction":[{"@type":"ReadAction","target":["https:\/\/www.naircenter.com\/en\/upna-co-organises-a-doctoral-summer-school-in-italy-dedicated-to-artificial-intelligence\/"]}]},{"@type":"ImageObject","inLanguage":"en-US","@id":"https:\/\/www.naircenter.com\/en\/upna-co-organises-a-doctoral-summer-school-in-italy-dedicated-to-artificial-intelligence\/#primaryimage","url":"https:\/\/www.naircenter.com\/wp-content\/uploads\/2024\/07\/Foto1-pq.jpg","contentUrl":"https:\/\/www.naircenter.com\/wp-content\/uploads\/2024\/07\/Foto1-pq.jpg","width":900,"height":550,"caption":"De izq. a dcha.: Juan Pedro Garc\u00eda, Juan Quizhpilema, Alfredo Jim\u00e9nez (profesor de Kedge Business School), Ander Go\u00f1i, Mikel Ferrero, Xabier Gonz\u00e1lez y Iosu Rodr\u00edguez."},{"@type":"BreadcrumbList","@id":"https:\/\/www.naircenter.com\/en\/upna-co-organises-a-doctoral-summer-school-in-italy-dedicated-to-artificial-intelligence\/#breadcrumb","itemListElement":[{"@type":"ListItem","position":1,"name":"Portada","item":"https:\/\/www.naircenter.com\/en\/"},{"@type":"ListItem","position":2,"name":"UPNA co-organises a doctoral summer school in Italy dedicated to Artificial Intelligence"}]},{"@type":"WebSite","@id":"https:\/\/www.naircenter.com\/#website","url":"https:\/\/www.naircenter.com\/","name":"NAIR","description":"","publisher":{"@id":"https:\/\/www.naircenter.com\/#organization"},"potentialAction":[{"@type":"SearchAction","target":{"@type":"EntryPoint","urlTemplate":"https:\/\/www.naircenter.com\/?s={search_term_string}"},"query-input":{"@type":"PropertyValueSpecification","valueRequired":true,"valueName":"search_term_string"}}],"inLanguage":"en-US"},{"@type":"Organization","@id":"https:\/\/www.naircenter.com\/#organization","name":"NAIR","url":"https:\/\/www.naircenter.com\/","logo":{"@type":"ImageObject","inLanguage":"en-US","@id":"https:\/\/www.naircenter.com\/#\/schema\/logo\/image\/","url":"https:\/\/www.naircenter.com\/wp-content\/uploads\/2023\/11\/nair-logo-n.png","contentUrl":"https:\/\/www.naircenter.com\/wp-content\/uploads\/2023\/11\/nair-logo-n.png","width":450,"height":108,"caption":"NAIR"},"image":{"@id":"https:\/\/www.naircenter.com\/#\/schema\/logo\/image\/"}},{"@type":"Person","@id":"https:\/\/www.naircenter.com\/#\/schema\/person\/f4940c0320240ffcb2baddbd099d31fa","name":"Carlota Cort\u00e9s"}]}},"_links":{"self":[{"href":"https:\/\/www.naircenter.com\/en\/wp-json\/wp\/v2\/posts\/3411","targetHints":{"allow":["GET"]}}],"collection":[{"href":"https:\/\/www.naircenter.com\/en\/wp-json\/wp\/v2\/posts"}],"about":[{"href":"https:\/\/www.naircenter.com\/en\/wp-json\/wp\/v2\/types\/post"}],"author":[{"embeddable":true,"href":"https:\/\/www.naircenter.com\/en\/wp-json\/wp\/v2\/users\/2"}],"replies":[{"embeddable":true,"href":"https:\/\/www.naircenter.com\/en\/wp-json\/wp\/v2\/comments?post=3411"}],"version-history":[{"count":2,"href":"https:\/\/www.naircenter.com\/en\/wp-json\/wp\/v2\/posts\/3411\/revisions"}],"predecessor-version":[{"id":3803,"href":"https:\/\/www.naircenter.com\/en\/wp-json\/wp\/v2\/posts\/3411\/revisions\/3803"}],"wp:featuredmedia":[{"embeddable":true,"href":"https:\/\/www.naircenter.com\/en\/wp-json\/wp\/v2\/media\/1548"}],"wp:attachment":[{"href":"https:\/\/www.naircenter.com\/en\/wp-json\/wp\/v2\/media?parent=3411"}],"wp:term":[{"taxonomy":"category","embeddable":true,"href":"https:\/\/www.naircenter.com\/en\/wp-json\/wp\/v2\/categories?post=3411"},{"taxonomy":"post_tag","embeddable":true,"href":"https:\/\/www.naircenter.com\/en\/wp-json\/wp\/v2\/tags?post=3411"}],"curies":[{"name":"wp","href":"https:\/\/api.w.org\/{rel}","templated":true}]}}