{"id":2392,"date":"2025-05-06T15:13:56","date_gmt":"2025-05-06T13:13:56","guid":{"rendered":"https:\/\/www.naircenter.com\/navarra-lidera-el-debate-sobre-inteligencia-artificial-etica-con-el-congreso-tecnologia-al-servicio-de-las-personas\/"},"modified":"2026-01-09T12:39:55","modified_gmt":"2026-01-09T11:39:55","slug":"navarra-lidera-el-debate-sobre-inteligencia-artificial-etica-con-el-congreso-tecnologia-al-servicio-de-las-personas","status":"publish","type":"post","link":"https:\/\/www.naircenter.com\/eu\/navarra-lidera-el-debate-sobre-inteligencia-artificial-etica-con-el-congreso-tecnologia-al-servicio-de-las-personas\/","title":{"rendered":"Nafarroak adimen artifizial etikoari buruzko eztabaidaren burua hartuko du \u2018Teknologia pertsonen zerbitzuan\u2019 biltzarrarekin"},"content":{"rendered":"<div style=\"text-align: justify;\">\n<h3>Taberna lehendakariordeak nabarmendu duenez, \u201cNafarroa abangoardia eta berrikuntzako lurraldea da\u201d, 2018az geroztik adimen artifiziala esparru publikoan eta enpresa-ekosisteman txertatzen duten departamentuak eta sozietate publikoak ditu-eta.<\/h3>\n<\/div>\n<p>&nbsp;<\/p>\n<p>Iru\u00f1eko Baluarte Nafarroako Biltzar Jauregi eta Auditoriumean gaur aurkeztuko dute \u2018Teknologia pertsonen zerbitzuan\u2019 Adimen Artifizialari buruzko Biltzar Nazionala, <a href=\"https:\/\/www.navarra.es\/es\/inicio\">Nafarroako Gobernuko<\/a> Lehendakaritza eta Berdintasun Departamentuak eta NAIR Centerrek (Navarra Artificial Intelligence Research Center) <a href=\"https:\/\/www.navarra.es\/es\/web\/centrovidaas\/inicio\">VidAAs zentroarekin<\/a> lankidetzan bultzatutako erreferentziazko topaketa. Foru Komunitatea adimen artifizialak gizartean betetzen duen eginkizunari buruzko eztabaidaren abangoardian kokatzea du helburu.<\/p>\n<p>Biltzar hori adimen artifizialaren inplementazio etiko, jasangarri eta humanistaren aldeko apustua egiten duen Nafarroaren Eraldaketa Digitalerako Estrategiaren barruan kokatzen da. Ikuspegi teknologiko hutsetik urrun, adimen artifizialaren dimentsio sozialak, juridikoak, ekonomikoak eta kulturalak aintzat hartzen dituen zeharkako begirada planteatzen du topaketak, eta adituen, erakundeen, enpresa-sektorearen, esparru akademikoaren eta herritarren arteko elkarrizketa irekia sustatzen du.<\/p>\n<p>&nbsp;<\/p>\n<p><strong>Etika, lankidetza eta eskubide zibilak ingurune digitalizatu batean<\/strong><\/p>\n<p>400 pertsona baino gehiago bildu dituen jardunaldian zehar, hiru ildo estrategiko handi jorratu dira: adimen artifizialeko sistemen diseinuaren eta erabileraren inguruko gogoeta etikoa; enplegua, hezkuntza, osasuna edo ingurumena bezalako funtsezko sektoreetan duen inpaktuaren analisia; eta unibertsitateak, ikerketa-zentroak, administrazio publikoak, enpresa teknologikoak eta gizarte zibila bilduko dituen berrikuntza kolaboratiboko ekosistema bat eraikitzeko premia.<\/p>\n<p>Saioa NAIR Centerreko zuzendari gerente Gorka Garciaren ongietorriarekin abiatu da. Nafarroak pertsonak ardatz dituen adimen artifizialarekin konprometitutako lurralde gisa betetzen duen eginkizun estrategikoa nabarmendu du. Jarraian, Nafarroako Gobernuko lehen lehendakariorde eta Lehendakaritza eta Berdintasuneko kontseilari F\u00e9lix Tabernak esku hartu du, eta pentsamendu kolektiboak aurrerabide teknologikoaren eragile gisa duen garrantzia nabarmendu du: \u201cEzagutzak aurrera egiten du aurkitzen denean. Eraldaketa teknologiko handiak ez dira bakartzetik sortzen, jakintzak, sektoreak eta belaunaldiak gurutzatzetik baizik. Enpresek, unibertsitateek, erakundeek eta herritarrek elkarrekin kolaboratu eta pentsatu behar dute\u201d, adierazi du.<\/p>\n<p>Tabernak, halaber, teknologia eta kontzientzia konbinatuko dituen \u2018Ilustrazio digital\u2019 berri bat erreibindikatzen du: \u201cXVIII. mendean dogmaren aurrean arrazoia erreklamatzen den era berean, gaur egun humanitatea eta etika defendatu behar dira gogoetarik gabeko adimen artifizialaren sorkuntzaren aurrean. Teknologiak eta kontzientziak eskutik joan behar dute gizarte aske eta berdinzaleago bat eraikitzeko\u201d.<\/p>\n<p><a href=\"https:\/\/www.edps.europa.eu\/_en\">Datuak Babesteko Ikuskatzaile Europarreko<\/a> idazkari nagusi Leonardo Cerverak emango du inaugurazio-hitzaldia, adimen artifiziala garatzeko nazioarteko ereduak eta Europako ikuspegiaren erronkak analizatzen dituena, batez ere erregulazioari, pribatutasunari eta etikari dagokienez.<\/p>\n<p><a href=\"https:\/\/www.esn-eu.org\/\">European Social Network<\/a> erakundeko zuzendari exekutibo Alfonso Larak eskainiko du goizeko bigarren hitzaldia, adimen artifiziala dagoeneko sortzen ari den gizarte-eraldaketa eta teknologia horrek Europako herritarrentzat marrazten duen etorkizuna aztergai dituena.<\/p>\n<p>Lehen mahai-inguruak, \u2018Adimen artifiziala eta algoritmo etikoak: erronkak eta soluzioak\u2019 izenburupean, Mercedes Siles (Malagako Unibertsitatea), Pilar Le\u00f3n (Nafarroako Unibertsitatea) eta Ulises Cort\u00e9s (UPC eta Barcelona Supercomputing Center) bilduko ditu. Rosa Jasok moderatuta, sistema algoritmikoetan ekitatea eta gardentasuna bermatzeko jarduketa-esparruak eta dilema moralak jorratuko dituzte.<\/p>\n<p>Atsedenaldiaren ondoren, \u2018Eskubide digitalak eta adimen artifizialaren erregulazioa\u2019 sakonduko ditu bigarren mahai-inguruak. Aritz Romeok (Nafarroako Unibertsitate Publikoa), Leire Arbonak (Veridas), Margarita Castillak (Cadizeko Unibertsitatea) eta Cristina Villasantek (ECIJA) agertoki digital berrien aurreko legegintzako aurrerapenei eta berme juridikoei buruz eztabaidatuko dute. Pilar Bensusanek (Granadako Unibertsitatea) moderatzaile-lanak egingo ditu.<\/p>\n<p>Programak \u2018Adimen artifizialaren onurak eta arriskuak: ezagutza, irizpidea, gaitasuna?\u2019 gaiari buruzko eztabaida irekiarekin jarraituko du. Maria Moyak (Prodigioso Volc\u00e1n), Carlos Fern\u00e1ndez de Vigok (Dr. Platypus &amp; Ms. Wombat), Luis Villa del Campok (Accenture Europa) eta \u00c0urea Rodriguezek (EIT Culture &amp; Creativity) parte hartuko dute NAIR Centerreko \u00c1ngela Bernardinik moderatuko duen eztabaidan. Hizlariek analizatuko dute nola lehenetsi giza balioak adimen artifizialaren diseinuan eta erabileran.<\/p>\n<p>Hirugarren mahai-inguruak \u2018Adimen artifizialaren aplikazioak gizartean: arrakasta-kasuak, gizarte-berrikuntza eta joerak\u2019 du izenburu. Marisol Gomezek (NAIR Center eta NUP), Idoia Urmenetak (VidAAs zentroa), Gemma Botinek (Nafarroako Kutxa Fundazioa) eta Mar Pereirak (Galiziako Xunta) parte hartuko dute, eta Paloma Llaneza (Razona LegalTech) izango da moderatzailea. Hizlariek adibide zehatzak partekatuko dituzte, adimen artifiziala zerbitzu publikoak, osasun-arreta edo landa-garapen adimenduna nola hobetzen ari den ikusteko.<\/p>\n<p>\u2018Adimen artifiziala eta gizarte-egitura: norantz goaz?\u2019 izenburupean garatuko den elkarrizketan, Retinako (PRISA Media) zuzendari Jaime Garc\u00eda Hermes Fundazioko lehendakari Enrique Go\u00f1irekin hizketatuko da. Fundazio horretako zuzendari nagusi Luisa Allik gidatuko du hizketaldia.<\/p>\n<p>Libeliumeko CEO eta fundatzailekide Alicia As\u00edn izango da azken hitzaldiaren protagonista. Adimen artifizialak bizi-kalitatea hobetzeko tresna gisa betetzen duen eginkizun eraldatzailea izango du aztergai, hasi osasunetik eta hiri-jasangarritasunera iritsi arte.<\/p>\n<p>Unibertsitateko, Berrikuntzako eta Eraldaketa Digitaleko kontseilari Juan Luis Garciak emango dio amaiera instituzionala ekitaldiari. Nafarroak herritarrak ardatz dituen garapen teknologikoaren ereduarekin duen konpromisoa nabarmenduko du bere mintzaldian. \u201cAdimen artifiziala ez da berez helburu bat, bizimoduak hobetzeko eta gizarte justuagoa, inklusiboagoa eta jasangarriagoa eraikitzeko tresna bat baizik\u201d, baieztatuko du.<\/p>\n<p>Era berean, Garc\u00eda kontseilariak azalduko duenez, Nafarroa \u201cerabakitasunez ari da lanean, etikan, gardentasunean eta talentuan oinarritutako eredu batekin eraldaketa digitalaren abangoardian kokatzeko\u201d. Bere mintzaldian nabarmenduko duenez, adimen artifizialak \u201cez ditu zerbitzu publikoak ordezten, indartu egiten ditu\u201d, hezkuntzan, osasungintzan edo justizian abian dauden proiektuei erreferentzia eginez. \u201cAdimen artifizialak giza gaitasunaren onena areagotzeko balio behar du\u201d, esango du sailburuak.<\/p>\n<p>Nafarroa, abangoardia eta berrikuntzako lurraldea<\/p>\n<p>Gogoan izan behar da 2018. urteaz geroztik, Nafarroako Gobernuko departamentuek eta sozietate publikoek hainbat ekintza sustatzen dituztela adimen artifiziala bai esparru publikoan bai enpresa-ekosisteman txertatzeko. Hala adierazi du F\u00e9lix Taberna lehendakariordeak bere mintzaldian.<\/p>\n<p>Horien artean nabarmentzen da 2022an NAIR Center bera sortu izana, Nafarroako Adimen Artifizialaren Ikerketa Zentroa, produkzio-ehunaren lehiakortasuna hobetzeko eta Foru Komunitatea esparru horretako erreferente bihurtzeko pentsatua. Zentro horrek lankidetza estuan lan egiten du IRIS Nafarroako Berrikuntza Digitaleko Poloarekin zenbait arlo estrategiko garatzeko, hala nola datuen prozesamendu adimenduna, ikaskuntza automatikoa, adimen artifizial disruptiboa, eta adimen artifizialaren eta gizartearen arteko interakzioa.<\/p>\n<p>Osasunaren esparruan, osasun-sistema publikoan dagoeneko erabiltzen ari dira diagnostikorako laguntza-tresna batzuk, betiere osasun-arloko profesionalek prozesu osoa gainbegiratuta, adibidez erretinopatia diabetikoen detekzio goiztiarraren kasuan.<\/p>\n<p>Gizarte-esparruan, Nafarroako Gobernua aplikazioak eta ikuspegiak arakatzen ari da arreta soziosanitarioaren arloan adimen artifizialaren erabilera optimizatzeko, VidAAs zentroarekin eta NAIR Centerrekin lankidetzan.<\/p>\n<p>Administrazio-arloan, egituratu gabeko datuak erauzteko tresnak erabiltzen hasi dira dagoeneko, datu-bolumen handiak maneiatzea eskatzen duten laguntzak kudeatzeko, baita laguntzaile birtualak edo txatbotak ere. Horien artean, nabarmentzekoak dira Foru Gobernuko herritarren arretarako hainbat zerbitzutan berriki txertatutakoak edo Nafarroako Artxibo Nagusian gida birtual gisa jarduten duten tamaina errealeko bi abatarrak, \u2018Archibaldo\u2019 eta \u2018Archibalda\u2019 izenekoak. Zeregin administratiboetan eman beharreko denbora murrizten duten testuak sortzeko tresnak ere erabiltzen dira.<\/p>\n<p>2024ko Urrian, Nafarroako Gobernuak Industriako eta Enpresen Trantsizio Ekologiko eta Digitalerako Departamentuaren bitartez abiarazi zuen NavIA Lab S4 Adimen Artifizialeko Laborategiaren lehen edizioa, adimen artifizialaren arloko prestakuntza praktikoa, laguntza eta enpresaren prozesu zehatzetarako soluzioen inplementazioa biltzen dituen ekitaldia.<\/p>\n<p>Prestakuntzari dagokionez, Nafar Lansare &#8211; Nafarroako Enplegu Zerbitzua hainbat ikastaro eskaintzen ari da konpetentzia digitalak zenbait mailatan ahalbidetzeko. Horien artean, nabarmentzekoak dira adimen artifizialean, produktibitatea hobetzeko adimen artifizial sortzailean, ChatGPT, Gemini edo Copiloten trebetasun aurreratuak eskuratzera bideratutakoak.<\/p>\n<p>2024ko apirilean, Nafarroako Gobernuko Unibertsitateko, Berrikuntzako eta Eraldaketa Digitaleko Departamentuak \u2018Herritarrentzako zerbitzuak hobetzeko adimen artifiziala\u2019 errekonozimendua jaso zuen, adimen artifizialez lagundutako plataforma baten bitartez lurraldean konpetentzia digitalak indartzea eta inklusio teknologikoa sustatzea ahalbidetu duen proiektu batengatik.<\/p>\n<p>Nafarroako Unibertsitate Publikoari dagokionez, 2024ko urrian Tracasa sozietate publikoarekin lankidetzan sustatu zuen Konputazio Zientzien eta Adimen Artifizialaren Tracasa Katedra. Gainera, 2025-2026 ikasturterako \u2018Machine Learning\u2019 edo makinen ikaskuntzako Unibertsitate Masterraren lehen kurtsoa aurreikusita dago.<\/p>\n<p>&nbsp;<\/p>\n<p><strong>Lankidetza publiko-pribatuaren aldeko apustua<\/strong><\/p>\n<p>Iru\u00f1eak hartzen duen <a href=\"https:\/\/www.naircenter.com\/eu\/evento-congreso-nacional-ia\/\">Adimen Artifizialari buruzko Biltzar Nazionalari<\/a> esker egiazta daiteke adimen artifizialean egiten diren aurrerapenek ezin dutela egon ahalegin bakartuen mende. Adimen artifiziala garatzeko ezinbestekoa da sektore publikoaren eta pribatuaren arteko etengabeko lankidetza, baita herritarren parte-hartzearekin eta erabakiak hartzeko gardentasunarekin partekatutako konpromisoa ere. Ildo horretan, Nafarroak ikuspegi integratzailea defendatzen du, non administrazioek, enpresek, ikerketa-zentroek eta gizarte zibilak koordinatuta lan egiten baitute lurraldearen etorkizun ekonomiko eta soziala markatuko duen teknologia baten norabidea definitzeko.<\/p>\n<p>Horiek horrela, Foru Komunitatea berrikuntza irekiko laborategi gisa aurkezten da, hala soziala nola teknologikoa, esperimentazioa, ezagutzaren transferentzia eta pertsonak ardatz dituzten soluzioen diseinua bultzatuko dituena. Estrategia hori Europako Lehiakortasunari buruzko Draghi txostenean jasotako gidalerroekin lerrokatzen da. Txosten horrek azpimarratzen du presakoa dela subiranotasun digitala indartzea, kanpoaldearekiko mendekotasun teknologikoa murriztea eta ezagutzan, berrikuntzan eta talentuan oinarritutako ekonomia zimendatzea.<\/p>\n<p>Azken finean, lidergo instituzionala, enpresa-bultzada eta gizarte-erantzukidetasuna konbinatuko dituen adimen artifizialaren gobernantza-eredu baten aldeko apustua egiten du Nafarroak, garapen teknologikoa ongizate kolektiboaren onerako izango dela eta eraldaketa justua eta jasangarria lortzen lagunduko duela ziurtatzeko.<\/p>\n<p>&nbsp;<\/p>\n<p><strong>Europar Batasuneko eskubide digitalekin bat datorren adimen artifiziala<\/strong><\/p>\n<p>\u2018Teknologia pertsonen zerbitzuan\u2019 Biltzar Nazionala eginez, Nafarroako Gobernuak sendotu egin du erronka sozialei ikuspegi etiko eta inklusibotik aurre egiteko diseinatutako adimen artifizialarekiko konpromisoa. Foru Gobernuak, hortaz, garapen kolektiborako tresna gisa ulertzen den adimen artifizialaren aldeko apustua egiten du, Eskubide Digitalen Gutunarekin eta Europar Batasuneko Printzipio eta Eskubide Digitalen Adierazpenarekin bat datorrena.<\/p>\n<p>Era berean, Nafarroako estrategia Adimen Artifizialaren Estrategia Nazionalaren (ENIA) ardatzekin bat etorriz artikulatzen da, eta Adimen Artifizialaren Europako Estrategiaren gidalerroak betetzen ditu, segurtasun juridikoa eta pertsonen oinarrizko eskubideak arriskuan jarri gabe berrikuntzari lehentasuna ematen dion adimen artifizialeko eredua sustatzen du-eta.<\/p>\n","protected":false},"excerpt":{"rendered":"<p>Taberna lehendakariordeak nabarmendu duenez, \u201cNafarroa abangoardia eta berrikuntzako lurraldea da\u201d, 2018az geroztik adimen artifiziala esparru publikoan eta enpresa-ekosisteman txertatzen duten departamentuak eta sozietate publikoak ditu-eta. &nbsp; Iru\u00f1eko Baluarte Nafarroako Biltzar&#8230;<\/p>\n","protected":false},"author":2,"featured_media":2389,"comment_status":"closed","ping_status":"closed","sticky":false,"template":"","format":"standard","meta":{"footnotes":""},"categories":[33],"tags":[37],"class_list":{"0":"post-2392","1":"post","2":"type-post","3":"status-publish","4":"format-standard","5":"has-post-thumbnail","7":"category-sin-categorizar-eu","8":"tag-congreso-nacional-ia-eu"},"yoast_head":"<!-- This site is optimized with the Yoast SEO plugin v27.3 - https:\/\/yoast.com\/product\/yoast-seo-wordpress\/ -->\n<title>El Congreso Nacional de IA se celebra en Navarra<\/title>\n<meta name=\"description\" content=\"Congreso Nacional de IA sit\u00faa a Navarra a la vanguardia del debate sobre el papel de la inteligencia artificial en la sociedad.\" \/>\n<meta name=\"robots\" content=\"index, follow, max-snippet:-1, max-image-preview:large, max-video-preview:-1\" \/>\n<link rel=\"canonical\" href=\"https:\/\/www.naircenter.com\/eu\/navarra-lidera-el-debate-sobre-inteligencia-artificial-etica-con-el-congreso-tecnologia-al-servicio-de-las-personas\/\" \/>\n<meta property=\"og:locale\" content=\"eu_ES\" \/>\n<meta property=\"og:type\" content=\"article\" \/>\n<meta property=\"og:title\" content=\"El Congreso Nacional de IA se celebra en Navarra\" \/>\n<meta property=\"og:description\" content=\"Congreso Nacional de IA sit\u00faa a Navarra a la vanguardia del debate sobre el papel de la inteligencia artificial en la sociedad.\" \/>\n<meta property=\"og:url\" content=\"https:\/\/www.naircenter.com\/eu\/navarra-lidera-el-debate-sobre-inteligencia-artificial-etica-con-el-congreso-tecnologia-al-servicio-de-las-personas\/\" \/>\n<meta property=\"og:site_name\" content=\"NAIR\" \/>\n<meta property=\"article:published_time\" content=\"2025-05-06T13:13:56+00:00\" \/>\n<meta property=\"article:modified_time\" content=\"2026-01-09T11:39:55+00:00\" \/>\n<meta property=\"og:image\" content=\"https:\/\/www.naircenter.com\/wp-content\/uploads\/2025\/05\/Congreso-Nacional-IA-Foto-de-grupos.jpg\" \/>\n\t<meta property=\"og:image:width\" content=\"1732\" \/>\n\t<meta property=\"og:image:height\" content=\"1154\" \/>\n\t<meta property=\"og:image:type\" content=\"image\/jpeg\" \/>\n<meta name=\"author\" content=\"Carlota Cort\u00e9s\" \/>\n<meta name=\"twitter:card\" content=\"summary_large_image\" \/>\n<meta name=\"twitter:label1\" content=\"Written by\" \/>\n\t<meta name=\"twitter:data1\" content=\"Carlota Cort\u00e9s\" \/>\n\t<meta name=\"twitter:label2\" content=\"Est. reading time\" \/>\n\t<meta name=\"twitter:data2\" content=\"7 minutes\" \/>\n<script type=\"application\/ld+json\" class=\"yoast-schema-graph\">{\"@context\":\"https:\\\/\\\/schema.org\",\"@graph\":[{\"@type\":\"Article\",\"@id\":\"https:\\\/\\\/www.naircenter.com\\\/eu\\\/navarra-lidera-el-debate-sobre-inteligencia-artificial-etica-con-el-congreso-tecnologia-al-servicio-de-las-personas\\\/#article\",\"isPartOf\":{\"@id\":\"https:\\\/\\\/www.naircenter.com\\\/eu\\\/navarra-lidera-el-debate-sobre-inteligencia-artificial-etica-con-el-congreso-tecnologia-al-servicio-de-las-personas\\\/\"},\"author\":{\"name\":\"Carlota Cort\u00e9s\",\"@id\":\"https:\\\/\\\/www.naircenter.com\\\/#\\\/schema\\\/person\\\/f4940c0320240ffcb2baddbd099d31fa\"},\"headline\":\"Nafarroak adimen artifizial etikoari buruzko eztabaidaren burua hartuko du \u2018Teknologia pertsonen zerbitzuan\u2019 biltzarrarekin\",\"datePublished\":\"2025-05-06T13:13:56+00:00\",\"dateModified\":\"2026-01-09T11:39:55+00:00\",\"mainEntityOfPage\":{\"@id\":\"https:\\\/\\\/www.naircenter.com\\\/eu\\\/navarra-lidera-el-debate-sobre-inteligencia-artificial-etica-con-el-congreso-tecnologia-al-servicio-de-las-personas\\\/\"},\"wordCount\":1408,\"publisher\":{\"@id\":\"https:\\\/\\\/www.naircenter.com\\\/#organization\"},\"image\":{\"@id\":\"https:\\\/\\\/www.naircenter.com\\\/eu\\\/navarra-lidera-el-debate-sobre-inteligencia-artificial-etica-con-el-congreso-tecnologia-al-servicio-de-las-personas\\\/#primaryimage\"},\"thumbnailUrl\":\"https:\\\/\\\/www.naircenter.com\\\/wp-content\\\/uploads\\\/2025\\\/05\\\/Congreso-Nacional-IA-Foto-de-grupos.jpg\",\"keywords\":[\"Congreso Nacional IA\"],\"articleSection\":[\"Sin categorizar\"],\"inLanguage\":\"eu-ES\"},{\"@type\":\"WebPage\",\"@id\":\"https:\\\/\\\/www.naircenter.com\\\/eu\\\/navarra-lidera-el-debate-sobre-inteligencia-artificial-etica-con-el-congreso-tecnologia-al-servicio-de-las-personas\\\/\",\"url\":\"https:\\\/\\\/www.naircenter.com\\\/eu\\\/navarra-lidera-el-debate-sobre-inteligencia-artificial-etica-con-el-congreso-tecnologia-al-servicio-de-las-personas\\\/\",\"name\":\"El Congreso Nacional de IA se celebra en Navarra\",\"isPartOf\":{\"@id\":\"https:\\\/\\\/www.naircenter.com\\\/#website\"},\"primaryImageOfPage\":{\"@id\":\"https:\\\/\\\/www.naircenter.com\\\/eu\\\/navarra-lidera-el-debate-sobre-inteligencia-artificial-etica-con-el-congreso-tecnologia-al-servicio-de-las-personas\\\/#primaryimage\"},\"image\":{\"@id\":\"https:\\\/\\\/www.naircenter.com\\\/eu\\\/navarra-lidera-el-debate-sobre-inteligencia-artificial-etica-con-el-congreso-tecnologia-al-servicio-de-las-personas\\\/#primaryimage\"},\"thumbnailUrl\":\"https:\\\/\\\/www.naircenter.com\\\/wp-content\\\/uploads\\\/2025\\\/05\\\/Congreso-Nacional-IA-Foto-de-grupos.jpg\",\"datePublished\":\"2025-05-06T13:13:56+00:00\",\"dateModified\":\"2026-01-09T11:39:55+00:00\",\"description\":\"Congreso Nacional de IA sit\u00faa a Navarra a la vanguardia del debate sobre el papel de la inteligencia artificial en la sociedad.\",\"breadcrumb\":{\"@id\":\"https:\\\/\\\/www.naircenter.com\\\/eu\\\/navarra-lidera-el-debate-sobre-inteligencia-artificial-etica-con-el-congreso-tecnologia-al-servicio-de-las-personas\\\/#breadcrumb\"},\"inLanguage\":\"eu-ES\",\"potentialAction\":[{\"@type\":\"ReadAction\",\"target\":[\"https:\\\/\\\/www.naircenter.com\\\/eu\\\/navarra-lidera-el-debate-sobre-inteligencia-artificial-etica-con-el-congreso-tecnologia-al-servicio-de-las-personas\\\/\"]}]},{\"@type\":\"ImageObject\",\"inLanguage\":\"eu-ES\",\"@id\":\"https:\\\/\\\/www.naircenter.com\\\/eu\\\/navarra-lidera-el-debate-sobre-inteligencia-artificial-etica-con-el-congreso-tecnologia-al-servicio-de-las-personas\\\/#primaryimage\",\"url\":\"https:\\\/\\\/www.naircenter.com\\\/wp-content\\\/uploads\\\/2025\\\/05\\\/Congreso-Nacional-IA-Foto-de-grupos.jpg\",\"contentUrl\":\"https:\\\/\\\/www.naircenter.com\\\/wp-content\\\/uploads\\\/2025\\\/05\\\/Congreso-Nacional-IA-Foto-de-grupos.jpg\",\"width\":1732,\"height\":1154,\"caption\":\"Foto de grupo con los y las ponentes del Congreso Nacional de IA que se ha celebrado en Navarra\"},{\"@type\":\"BreadcrumbList\",\"@id\":\"https:\\\/\\\/www.naircenter.com\\\/eu\\\/navarra-lidera-el-debate-sobre-inteligencia-artificial-etica-con-el-congreso-tecnologia-al-servicio-de-las-personas\\\/#breadcrumb\",\"itemListElement\":[{\"@type\":\"ListItem\",\"position\":1,\"name\":\"Portada\",\"item\":\"https:\\\/\\\/www.naircenter.com\\\/eu\\\/\"},{\"@type\":\"ListItem\",\"position\":2,\"name\":\"Nafarroak adimen artifizial etikoari buruzko eztabaidaren burua hartuko du \u2018Teknologia pertsonen zerbitzuan\u2019 biltzarrarekin\"}]},{\"@type\":\"WebSite\",\"@id\":\"https:\\\/\\\/www.naircenter.com\\\/#website\",\"url\":\"https:\\\/\\\/www.naircenter.com\\\/\",\"name\":\"NAIR\",\"description\":\"\",\"publisher\":{\"@id\":\"https:\\\/\\\/www.naircenter.com\\\/#organization\"},\"potentialAction\":[{\"@type\":\"SearchAction\",\"target\":{\"@type\":\"EntryPoint\",\"urlTemplate\":\"https:\\\/\\\/www.naircenter.com\\\/?s={search_term_string}\"},\"query-input\":{\"@type\":\"PropertyValueSpecification\",\"valueRequired\":true,\"valueName\":\"search_term_string\"}}],\"inLanguage\":\"eu-ES\"},{\"@type\":\"Organization\",\"@id\":\"https:\\\/\\\/www.naircenter.com\\\/#organization\",\"name\":\"NAIR\",\"url\":\"https:\\\/\\\/www.naircenter.com\\\/\",\"logo\":{\"@type\":\"ImageObject\",\"inLanguage\":\"eu-ES\",\"@id\":\"https:\\\/\\\/www.naircenter.com\\\/#\\\/schema\\\/logo\\\/image\\\/\",\"url\":\"https:\\\/\\\/www.naircenter.com\\\/wp-content\\\/uploads\\\/2023\\\/11\\\/nair-logo-n.png\",\"contentUrl\":\"https:\\\/\\\/www.naircenter.com\\\/wp-content\\\/uploads\\\/2023\\\/11\\\/nair-logo-n.png\",\"width\":450,\"height\":108,\"caption\":\"NAIR\"},\"image\":{\"@id\":\"https:\\\/\\\/www.naircenter.com\\\/#\\\/schema\\\/logo\\\/image\\\/\"}},{\"@type\":\"Person\",\"@id\":\"https:\\\/\\\/www.naircenter.com\\\/#\\\/schema\\\/person\\\/f4940c0320240ffcb2baddbd099d31fa\",\"name\":\"Carlota Cort\u00e9s\"}]}<\/script>\n<!-- \/ Yoast SEO plugin. -->","yoast_head_json":{"title":"El Congreso Nacional de IA se celebra en Navarra","description":"Congreso Nacional de IA sit\u00faa a Navarra a la vanguardia del debate sobre el papel de la inteligencia artificial en la sociedad.","robots":{"index":"index","follow":"follow","max-snippet":"max-snippet:-1","max-image-preview":"max-image-preview:large","max-video-preview":"max-video-preview:-1"},"canonical":"https:\/\/www.naircenter.com\/eu\/navarra-lidera-el-debate-sobre-inteligencia-artificial-etica-con-el-congreso-tecnologia-al-servicio-de-las-personas\/","og_locale":"eu_ES","og_type":"article","og_title":"El Congreso Nacional de IA se celebra en Navarra","og_description":"Congreso Nacional de IA sit\u00faa a Navarra a la vanguardia del debate sobre el papel de la inteligencia artificial en la sociedad.","og_url":"https:\/\/www.naircenter.com\/eu\/navarra-lidera-el-debate-sobre-inteligencia-artificial-etica-con-el-congreso-tecnologia-al-servicio-de-las-personas\/","og_site_name":"NAIR","article_published_time":"2025-05-06T13:13:56+00:00","article_modified_time":"2026-01-09T11:39:55+00:00","og_image":[{"width":1732,"height":1154,"url":"https:\/\/www.naircenter.com\/wp-content\/uploads\/2025\/05\/Congreso-Nacional-IA-Foto-de-grupos.jpg","type":"image\/jpeg"}],"author":"Carlota Cort\u00e9s","twitter_card":"summary_large_image","twitter_misc":{"Written by":"Carlota Cort\u00e9s","Est. reading time":"7 minutes"},"schema":{"@context":"https:\/\/schema.org","@graph":[{"@type":"Article","@id":"https:\/\/www.naircenter.com\/eu\/navarra-lidera-el-debate-sobre-inteligencia-artificial-etica-con-el-congreso-tecnologia-al-servicio-de-las-personas\/#article","isPartOf":{"@id":"https:\/\/www.naircenter.com\/eu\/navarra-lidera-el-debate-sobre-inteligencia-artificial-etica-con-el-congreso-tecnologia-al-servicio-de-las-personas\/"},"author":{"name":"Carlota Cort\u00e9s","@id":"https:\/\/www.naircenter.com\/#\/schema\/person\/f4940c0320240ffcb2baddbd099d31fa"},"headline":"Nafarroak adimen artifizial etikoari buruzko eztabaidaren burua hartuko du \u2018Teknologia pertsonen zerbitzuan\u2019 biltzarrarekin","datePublished":"2025-05-06T13:13:56+00:00","dateModified":"2026-01-09T11:39:55+00:00","mainEntityOfPage":{"@id":"https:\/\/www.naircenter.com\/eu\/navarra-lidera-el-debate-sobre-inteligencia-artificial-etica-con-el-congreso-tecnologia-al-servicio-de-las-personas\/"},"wordCount":1408,"publisher":{"@id":"https:\/\/www.naircenter.com\/#organization"},"image":{"@id":"https:\/\/www.naircenter.com\/eu\/navarra-lidera-el-debate-sobre-inteligencia-artificial-etica-con-el-congreso-tecnologia-al-servicio-de-las-personas\/#primaryimage"},"thumbnailUrl":"https:\/\/www.naircenter.com\/wp-content\/uploads\/2025\/05\/Congreso-Nacional-IA-Foto-de-grupos.jpg","keywords":["Congreso Nacional IA"],"articleSection":["Sin categorizar"],"inLanguage":"eu-ES"},{"@type":"WebPage","@id":"https:\/\/www.naircenter.com\/eu\/navarra-lidera-el-debate-sobre-inteligencia-artificial-etica-con-el-congreso-tecnologia-al-servicio-de-las-personas\/","url":"https:\/\/www.naircenter.com\/eu\/navarra-lidera-el-debate-sobre-inteligencia-artificial-etica-con-el-congreso-tecnologia-al-servicio-de-las-personas\/","name":"El Congreso Nacional de IA se celebra en Navarra","isPartOf":{"@id":"https:\/\/www.naircenter.com\/#website"},"primaryImageOfPage":{"@id":"https:\/\/www.naircenter.com\/eu\/navarra-lidera-el-debate-sobre-inteligencia-artificial-etica-con-el-congreso-tecnologia-al-servicio-de-las-personas\/#primaryimage"},"image":{"@id":"https:\/\/www.naircenter.com\/eu\/navarra-lidera-el-debate-sobre-inteligencia-artificial-etica-con-el-congreso-tecnologia-al-servicio-de-las-personas\/#primaryimage"},"thumbnailUrl":"https:\/\/www.naircenter.com\/wp-content\/uploads\/2025\/05\/Congreso-Nacional-IA-Foto-de-grupos.jpg","datePublished":"2025-05-06T13:13:56+00:00","dateModified":"2026-01-09T11:39:55+00:00","description":"Congreso Nacional de IA sit\u00faa a Navarra a la vanguardia del debate sobre el papel de la inteligencia artificial en la sociedad.","breadcrumb":{"@id":"https:\/\/www.naircenter.com\/eu\/navarra-lidera-el-debate-sobre-inteligencia-artificial-etica-con-el-congreso-tecnologia-al-servicio-de-las-personas\/#breadcrumb"},"inLanguage":"eu-ES","potentialAction":[{"@type":"ReadAction","target":["https:\/\/www.naircenter.com\/eu\/navarra-lidera-el-debate-sobre-inteligencia-artificial-etica-con-el-congreso-tecnologia-al-servicio-de-las-personas\/"]}]},{"@type":"ImageObject","inLanguage":"eu-ES","@id":"https:\/\/www.naircenter.com\/eu\/navarra-lidera-el-debate-sobre-inteligencia-artificial-etica-con-el-congreso-tecnologia-al-servicio-de-las-personas\/#primaryimage","url":"https:\/\/www.naircenter.com\/wp-content\/uploads\/2025\/05\/Congreso-Nacional-IA-Foto-de-grupos.jpg","contentUrl":"https:\/\/www.naircenter.com\/wp-content\/uploads\/2025\/05\/Congreso-Nacional-IA-Foto-de-grupos.jpg","width":1732,"height":1154,"caption":"Foto de grupo con los y las ponentes del Congreso Nacional de IA que se ha celebrado en Navarra"},{"@type":"BreadcrumbList","@id":"https:\/\/www.naircenter.com\/eu\/navarra-lidera-el-debate-sobre-inteligencia-artificial-etica-con-el-congreso-tecnologia-al-servicio-de-las-personas\/#breadcrumb","itemListElement":[{"@type":"ListItem","position":1,"name":"Portada","item":"https:\/\/www.naircenter.com\/eu\/"},{"@type":"ListItem","position":2,"name":"Nafarroak adimen artifizial etikoari buruzko eztabaidaren burua hartuko du \u2018Teknologia pertsonen zerbitzuan\u2019 biltzarrarekin"}]},{"@type":"WebSite","@id":"https:\/\/www.naircenter.com\/#website","url":"https:\/\/www.naircenter.com\/","name":"NAIR","description":"","publisher":{"@id":"https:\/\/www.naircenter.com\/#organization"},"potentialAction":[{"@type":"SearchAction","target":{"@type":"EntryPoint","urlTemplate":"https:\/\/www.naircenter.com\/?s={search_term_string}"},"query-input":{"@type":"PropertyValueSpecification","valueRequired":true,"valueName":"search_term_string"}}],"inLanguage":"eu-ES"},{"@type":"Organization","@id":"https:\/\/www.naircenter.com\/#organization","name":"NAIR","url":"https:\/\/www.naircenter.com\/","logo":{"@type":"ImageObject","inLanguage":"eu-ES","@id":"https:\/\/www.naircenter.com\/#\/schema\/logo\/image\/","url":"https:\/\/www.naircenter.com\/wp-content\/uploads\/2023\/11\/nair-logo-n.png","contentUrl":"https:\/\/www.naircenter.com\/wp-content\/uploads\/2023\/11\/nair-logo-n.png","width":450,"height":108,"caption":"NAIR"},"image":{"@id":"https:\/\/www.naircenter.com\/#\/schema\/logo\/image\/"}},{"@type":"Person","@id":"https:\/\/www.naircenter.com\/#\/schema\/person\/f4940c0320240ffcb2baddbd099d31fa","name":"Carlota Cort\u00e9s"}]}},"_links":{"self":[{"href":"https:\/\/www.naircenter.com\/eu\/wp-json\/wp\/v2\/posts\/2392","targetHints":{"allow":["GET"]}}],"collection":[{"href":"https:\/\/www.naircenter.com\/eu\/wp-json\/wp\/v2\/posts"}],"about":[{"href":"https:\/\/www.naircenter.com\/eu\/wp-json\/wp\/v2\/types\/post"}],"author":[{"embeddable":true,"href":"https:\/\/www.naircenter.com\/eu\/wp-json\/wp\/v2\/users\/2"}],"replies":[{"embeddable":true,"href":"https:\/\/www.naircenter.com\/eu\/wp-json\/wp\/v2\/comments?post=2392"}],"version-history":[{"count":6,"href":"https:\/\/www.naircenter.com\/eu\/wp-json\/wp\/v2\/posts\/2392\/revisions"}],"predecessor-version":[{"id":3341,"href":"https:\/\/www.naircenter.com\/eu\/wp-json\/wp\/v2\/posts\/2392\/revisions\/3341"}],"wp:featuredmedia":[{"embeddable":true,"href":"https:\/\/www.naircenter.com\/eu\/wp-json\/wp\/v2\/media\/2389"}],"wp:attachment":[{"href":"https:\/\/www.naircenter.com\/eu\/wp-json\/wp\/v2\/media?parent=2392"}],"wp:term":[{"taxonomy":"category","embeddable":true,"href":"https:\/\/www.naircenter.com\/eu\/wp-json\/wp\/v2\/categories?post=2392"},{"taxonomy":"post_tag","embeddable":true,"href":"https:\/\/www.naircenter.com\/eu\/wp-json\/wp\/v2\/tags?post=2392"}],"curies":[{"name":"wp","href":"https:\/\/api.w.org\/{rel}","templated":true}]}}