{"id":2771,"date":"2025-09-02T14:35:50","date_gmt":"2025-09-02T12:35:50","guid":{"rendered":"https:\/\/www.naircenter.com\/nair-center-lleva-la-ia-navarra-al-mundo-verano-de-ciencia-talento-y-conexiones-globales\/"},"modified":"2026-01-22T12:34:05","modified_gmt":"2026-01-22T11:34:05","slug":"nair-center-lleva-la-ia-navarra-al-mundo-verano-de-ciencia-talento-y-conexiones-globales","status":"publish","type":"post","link":"https:\/\/www.naircenter.com\/eu\/nair-center-lleva-la-ia-navarra-al-mundo-verano-de-ciencia-talento-y-conexiones-globales\/","title":{"rendered":"NAIR Centerrek mundura zabaldu du Nafarroako adimen artifiziala: zientziaren, talentuaren eta konexio globalen uda"},"content":{"rendered":"<div style=\"text-align: justify;\">\n<p>Iru\u00f1ea, 2025eko irailaren 2a \u2014 Uda honetan, <a href=\"https:\/\/www.naircenter.com\/eu\/guri-buruz\/\">NAIR Centerrek<\/a> mugak zeharkatu ditu Nafarroa adimen artifizialaren nazioarteko mapan kokatzeko. Zentroko ikertzaileek ezagutza partekatu dute, aliantzak egin dituzte eta beren aurrerapenak erakutsi dituzte adimen artifizialaren foro garrantzitsuenetako batzuetan, bai Europan bai harago.<\/p>\n<p>Denboraldia Cambridgen hasi zen. Han, NAIR Centerrek <em>International Summer School on Artificial Intelligence<\/em> ekitaldiaren antolaketan parte hartu zuen. Wolfson College-n eta Department of Computer Science-n astebetez biziki jardun zuten ikaskuntza automatikoaren (<em>machine learning<\/em>) eta adimen artifizialaren aplikazioen inguruko azken aurrerapenei buruz eztabaidatzen. Han izan zen Marisol G\u00f3mez Fern\u00e1ndez zuzendari zientifikoa, Juan Quizhpilema Cede\u00f1o eta Paula Vidaurreta Apestegu\u00eda doktoregaiekin batera, munduko erreferentziazko ingurune batean zientzia, talentua eta networking ugari batzen.<\/p>\n<p>Erresuma Batutik fokua Istanbulera lekualdatu zen. Han, Mishell Cadena doktoregaiak <em>World Conference on eXplainable Artificial Intelligence<\/em> ekitaldian parte hartu zuen. Helburua: Europako AI Act legearekin bat datozen eredu ulergarri eta arduratsuagoetarantz aurrera egitea. Biltzarrean zenbait erreferenterekin hitz egiteko aukera izan zuen, hala nola Wojciech Samek-ekin, <em>deep learningeko<\/em> ereduen esplikagarritasuneko aitzindariarekin.<\/p>\n<p>Aldi berean, Ander Go\u00f1i Medranok Universiteit Gent-eko egonaldiari ekin zion, logika lausoko nazioarteko erreferente Bernard De Baets irakaslearekin batera. Adimen artifiziala erabaki-agertoki konplexuetan aplikatzeko moduak arakatu zituen han. Bere lana EUSFLAT 2025 ekitaldian ere aurkeztu zen, Rigan, sistema adimendunen egokitzapen-gaitasuna areagotzen duen erretikulu mugatuetako uninormei buruzko proposamen berritzaile batekin.<\/p>\n<p>Nazioarteko ibilbidea Montrealen osatu zen. Juan Pedro Garc\u00eda Ortizek Annual Computational Neuroscience Meeting (CNS2025) biltzarrean azterlan aitzindari bat aurkeztu zuen, ikusmen artifiziala eta esplikagarritasun-teknikak konbinatzen dituena, iktus ondoko errehabilitazio-terapietan EEG seinaleak analizatzeko.<\/p>\n<p>Adimen artifizialaren arloko Nafarroako talentuaren ikerketa eta proiekzio globala bultzatzen dituen <a href=\"https:\/\/fundacionlacaixa.org\/es\/\"><strong>\u00abla Caixa\u00bb Fundazioaren<\/strong><\/a> finantza-laguntzari esker gauzatu ahal izan da nazioarteko hedapen hori.<\/p>\n<p>&nbsp;<\/p>\n<p><strong>NAIR Centerri buruz<\/strong><\/p>\n<p>NAIR Center, Nafarroako Adimen Artifizialaren Nazioarteko Ikerketa Zentroa, adimen artifizialaren (AA) eta datu-ingeniaritzaren arloko ikerketa oinarrizkoa eta aplikatua sustatzea ardatz duen erakundea da. 2022. urtean Nafarroako Gobernuko Unibertsitateko, Berrikuntzako eta Eraldaketa Digitaleko Departamentuaren bitartez sortua, NAIR Center lider gisa posizionatu da gizartearen eta industriaren onerako adimen artifizialaren aplikazioan, eta bikaintasunarekin konprometituta dago teknologia aurreratuak erabiliz gaur egungo erronkei aurre egiteko soluzio praktikoak ikertzeko eta garatzeko eginkizunean. Bere helburu nagusien artean aipa daitezke, besteak beste, adimen artifizialaren eta datuen teknologian kalitate handiko ikerketa sustatzea, enpresei eta gizarteari ezagutzak helaraztea, SINAI Nafarroako I+G+B Sisteman eta eskualdeko enpresetan adimen artifizialaren erabilera sustatzea lehiakortasuna bultzatzeko, adimen artifizialaren arloko ikerketa akademikoa eta aplikatua babestea, balio handiko enpleguen sorrera sustatzea, eta I+G+Baren garapen orokorrean laguntzea, Nafarroan eta inguruko eskualdeetan enpresa teknologiko berriak eta ikerketa-zentroak sustatzearen bidez.<\/p>\n<\/div>\n","protected":false},"excerpt":{"rendered":"<p>Iru\u00f1ea, 2025eko irailaren 2a \u2014 Uda honetan, NAIR Centerrek mugak zeharkatu ditu Nafarroa adimen artifizialaren nazioarteko mapan kokatzeko. Zentroko ikertzaileek ezagutza partekatu dute, aliantzak egin dituzte eta beren aurrerapenak erakutsi&#8230;<\/p>\n","protected":false},"author":2,"featured_media":2776,"comment_status":"closed","ping_status":"closed","sticky":false,"template":"","format":"standard","meta":{"footnotes":""},"categories":[33],"tags":[],"class_list":{"0":"post-2771","1":"post","2":"type-post","3":"status-publish","4":"format-standard","5":"has-post-thumbnail","7":"category-sin-categorizar-eu"},"yoast_head":"<!-- This site is optimized with the Yoast SEO plugin v27.3 - https:\/\/yoast.com\/product\/yoast-seo-wordpress\/ -->\n<title>NAIR Center lleva la IA navarra al mundo: verano de ciencia, talento y conexiones globales<\/title>\n<meta name=\"description\" content=\"Este verano, NAIR Center ha cruzado fronteras para situar a Navarra en el mapa internacional de la inteligencia artificial.\" \/>\n<meta name=\"robots\" content=\"index, follow, max-snippet:-1, max-image-preview:large, max-video-preview:-1\" \/>\n<link rel=\"canonical\" href=\"https:\/\/www.naircenter.com\/eu\/nair-center-lleva-la-ia-navarra-al-mundo-verano-de-ciencia-talento-y-conexiones-globales\/\" \/>\n<meta property=\"og:locale\" content=\"eu_ES\" \/>\n<meta property=\"og:type\" content=\"article\" \/>\n<meta property=\"og:title\" content=\"NAIR Center lleva la IA navarra al mundo: verano de ciencia, talento y conexiones globales\" \/>\n<meta property=\"og:description\" content=\"Este verano, NAIR Center ha cruzado fronteras para situar a Navarra en el mapa internacional de la inteligencia artificial.\" \/>\n<meta property=\"og:url\" content=\"https:\/\/www.naircenter.com\/eu\/nair-center-lleva-la-ia-navarra-al-mundo-verano-de-ciencia-talento-y-conexiones-globales\/\" \/>\n<meta property=\"og:site_name\" content=\"NAIR\" \/>\n<meta property=\"article:published_time\" content=\"2025-09-02T12:35:50+00:00\" \/>\n<meta property=\"article:modified_time\" content=\"2026-01-22T11:34:05+00:00\" \/>\n<meta property=\"og:image\" content=\"https:\/\/www.naircenter.com\/wp-content\/uploads\/2025\/09\/NAIRCenter.jpg\" \/>\n\t<meta property=\"og:image:width\" content=\"1280\" \/>\n\t<meta property=\"og:image:height\" content=\"720\" \/>\n\t<meta property=\"og:image:type\" content=\"image\/jpeg\" \/>\n<meta name=\"author\" content=\"Carlota Cort\u00e9s\" \/>\n<meta name=\"twitter:card\" content=\"summary_large_image\" \/>\n<meta name=\"twitter:label1\" content=\"Written by\" \/>\n\t<meta name=\"twitter:data1\" content=\"Carlota Cort\u00e9s\" \/>\n\t<meta name=\"twitter:label2\" content=\"Est. reading time\" \/>\n\t<meta name=\"twitter:data2\" content=\"3 minutes\" \/>\n<script type=\"application\/ld+json\" class=\"yoast-schema-graph\">{\"@context\":\"https:\\\/\\\/schema.org\",\"@graph\":[{\"@type\":\"Article\",\"@id\":\"https:\\\/\\\/www.naircenter.com\\\/eu\\\/nair-center-lleva-la-ia-navarra-al-mundo-verano-de-ciencia-talento-y-conexiones-globales\\\/#article\",\"isPartOf\":{\"@id\":\"https:\\\/\\\/www.naircenter.com\\\/eu\\\/nair-center-lleva-la-ia-navarra-al-mundo-verano-de-ciencia-talento-y-conexiones-globales\\\/\"},\"author\":{\"name\":\"Carlota Cort\u00e9s\",\"@id\":\"https:\\\/\\\/www.naircenter.com\\\/#\\\/schema\\\/person\\\/f4940c0320240ffcb2baddbd099d31fa\"},\"headline\":\"NAIR Centerrek mundura zabaldu du Nafarroako adimen artifiziala: zientziaren, talentuaren eta konexio globalen uda\",\"datePublished\":\"2025-09-02T12:35:50+00:00\",\"dateModified\":\"2026-01-22T11:34:05+00:00\",\"mainEntityOfPage\":{\"@id\":\"https:\\\/\\\/www.naircenter.com\\\/eu\\\/nair-center-lleva-la-ia-navarra-al-mundo-verano-de-ciencia-talento-y-conexiones-globales\\\/\"},\"wordCount\":419,\"publisher\":{\"@id\":\"https:\\\/\\\/www.naircenter.com\\\/#organization\"},\"image\":{\"@id\":\"https:\\\/\\\/www.naircenter.com\\\/eu\\\/nair-center-lleva-la-ia-navarra-al-mundo-verano-de-ciencia-talento-y-conexiones-globales\\\/#primaryimage\"},\"thumbnailUrl\":\"https:\\\/\\\/www.naircenter.com\\\/wp-content\\\/uploads\\\/2025\\\/09\\\/NAIRCenter.jpg\",\"articleSection\":[\"Sin categorizar\"],\"inLanguage\":\"eu-ES\"},{\"@type\":\"WebPage\",\"@id\":\"https:\\\/\\\/www.naircenter.com\\\/eu\\\/nair-center-lleva-la-ia-navarra-al-mundo-verano-de-ciencia-talento-y-conexiones-globales\\\/\",\"url\":\"https:\\\/\\\/www.naircenter.com\\\/eu\\\/nair-center-lleva-la-ia-navarra-al-mundo-verano-de-ciencia-talento-y-conexiones-globales\\\/\",\"name\":\"NAIR Center lleva la IA navarra al mundo: verano de ciencia, talento y conexiones globales\",\"isPartOf\":{\"@id\":\"https:\\\/\\\/www.naircenter.com\\\/#website\"},\"primaryImageOfPage\":{\"@id\":\"https:\\\/\\\/www.naircenter.com\\\/eu\\\/nair-center-lleva-la-ia-navarra-al-mundo-verano-de-ciencia-talento-y-conexiones-globales\\\/#primaryimage\"},\"image\":{\"@id\":\"https:\\\/\\\/www.naircenter.com\\\/eu\\\/nair-center-lleva-la-ia-navarra-al-mundo-verano-de-ciencia-talento-y-conexiones-globales\\\/#primaryimage\"},\"thumbnailUrl\":\"https:\\\/\\\/www.naircenter.com\\\/wp-content\\\/uploads\\\/2025\\\/09\\\/NAIRCenter.jpg\",\"datePublished\":\"2025-09-02T12:35:50+00:00\",\"dateModified\":\"2026-01-22T11:34:05+00:00\",\"description\":\"Este verano, NAIR Center ha cruzado fronteras para situar a Navarra en el mapa internacional de la inteligencia artificial.\",\"breadcrumb\":{\"@id\":\"https:\\\/\\\/www.naircenter.com\\\/eu\\\/nair-center-lleva-la-ia-navarra-al-mundo-verano-de-ciencia-talento-y-conexiones-globales\\\/#breadcrumb\"},\"inLanguage\":\"eu-ES\",\"potentialAction\":[{\"@type\":\"ReadAction\",\"target\":[\"https:\\\/\\\/www.naircenter.com\\\/eu\\\/nair-center-lleva-la-ia-navarra-al-mundo-verano-de-ciencia-talento-y-conexiones-globales\\\/\"]}]},{\"@type\":\"ImageObject\",\"inLanguage\":\"eu-ES\",\"@id\":\"https:\\\/\\\/www.naircenter.com\\\/eu\\\/nair-center-lleva-la-ia-navarra-al-mundo-verano-de-ciencia-talento-y-conexiones-globales\\\/#primaryimage\",\"url\":\"https:\\\/\\\/www.naircenter.com\\\/wp-content\\\/uploads\\\/2025\\\/09\\\/NAIRCenter.jpg\",\"contentUrl\":\"https:\\\/\\\/www.naircenter.com\\\/wp-content\\\/uploads\\\/2025\\\/09\\\/NAIRCenter.jpg\",\"width\":1280,\"height\":720},{\"@type\":\"BreadcrumbList\",\"@id\":\"https:\\\/\\\/www.naircenter.com\\\/eu\\\/nair-center-lleva-la-ia-navarra-al-mundo-verano-de-ciencia-talento-y-conexiones-globales\\\/#breadcrumb\",\"itemListElement\":[{\"@type\":\"ListItem\",\"position\":1,\"name\":\"Portada\",\"item\":\"https:\\\/\\\/www.naircenter.com\\\/eu\\\/\"},{\"@type\":\"ListItem\",\"position\":2,\"name\":\"NAIR Centerrek mundura zabaldu du Nafarroako adimen artifiziala: zientziaren, talentuaren eta konexio globalen uda\"}]},{\"@type\":\"WebSite\",\"@id\":\"https:\\\/\\\/www.naircenter.com\\\/#website\",\"url\":\"https:\\\/\\\/www.naircenter.com\\\/\",\"name\":\"NAIR\",\"description\":\"\",\"publisher\":{\"@id\":\"https:\\\/\\\/www.naircenter.com\\\/#organization\"},\"potentialAction\":[{\"@type\":\"SearchAction\",\"target\":{\"@type\":\"EntryPoint\",\"urlTemplate\":\"https:\\\/\\\/www.naircenter.com\\\/?s={search_term_string}\"},\"query-input\":{\"@type\":\"PropertyValueSpecification\",\"valueRequired\":true,\"valueName\":\"search_term_string\"}}],\"inLanguage\":\"eu-ES\"},{\"@type\":\"Organization\",\"@id\":\"https:\\\/\\\/www.naircenter.com\\\/#organization\",\"name\":\"NAIR\",\"url\":\"https:\\\/\\\/www.naircenter.com\\\/\",\"logo\":{\"@type\":\"ImageObject\",\"inLanguage\":\"eu-ES\",\"@id\":\"https:\\\/\\\/www.naircenter.com\\\/#\\\/schema\\\/logo\\\/image\\\/\",\"url\":\"https:\\\/\\\/www.naircenter.com\\\/wp-content\\\/uploads\\\/2023\\\/11\\\/nair-logo-n.png\",\"contentUrl\":\"https:\\\/\\\/www.naircenter.com\\\/wp-content\\\/uploads\\\/2023\\\/11\\\/nair-logo-n.png\",\"width\":450,\"height\":108,\"caption\":\"NAIR\"},\"image\":{\"@id\":\"https:\\\/\\\/www.naircenter.com\\\/#\\\/schema\\\/logo\\\/image\\\/\"}},{\"@type\":\"Person\",\"@id\":\"https:\\\/\\\/www.naircenter.com\\\/#\\\/schema\\\/person\\\/f4940c0320240ffcb2baddbd099d31fa\",\"name\":\"Carlota Cort\u00e9s\"}]}<\/script>\n<!-- \/ Yoast SEO plugin. -->","yoast_head_json":{"title":"NAIR Center lleva la IA navarra al mundo: verano de ciencia, talento y conexiones globales","description":"Este verano, NAIR Center ha cruzado fronteras para situar a Navarra en el mapa internacional de la inteligencia artificial.","robots":{"index":"index","follow":"follow","max-snippet":"max-snippet:-1","max-image-preview":"max-image-preview:large","max-video-preview":"max-video-preview:-1"},"canonical":"https:\/\/www.naircenter.com\/eu\/nair-center-lleva-la-ia-navarra-al-mundo-verano-de-ciencia-talento-y-conexiones-globales\/","og_locale":"eu_ES","og_type":"article","og_title":"NAIR Center lleva la IA navarra al mundo: verano de ciencia, talento y conexiones globales","og_description":"Este verano, NAIR Center ha cruzado fronteras para situar a Navarra en el mapa internacional de la inteligencia artificial.","og_url":"https:\/\/www.naircenter.com\/eu\/nair-center-lleva-la-ia-navarra-al-mundo-verano-de-ciencia-talento-y-conexiones-globales\/","og_site_name":"NAIR","article_published_time":"2025-09-02T12:35:50+00:00","article_modified_time":"2026-01-22T11:34:05+00:00","og_image":[{"width":1280,"height":720,"url":"https:\/\/www.naircenter.com\/wp-content\/uploads\/2025\/09\/NAIRCenter.jpg","type":"image\/jpeg"}],"author":"Carlota Cort\u00e9s","twitter_card":"summary_large_image","twitter_misc":{"Written by":"Carlota Cort\u00e9s","Est. reading time":"3 minutes"},"schema":{"@context":"https:\/\/schema.org","@graph":[{"@type":"Article","@id":"https:\/\/www.naircenter.com\/eu\/nair-center-lleva-la-ia-navarra-al-mundo-verano-de-ciencia-talento-y-conexiones-globales\/#article","isPartOf":{"@id":"https:\/\/www.naircenter.com\/eu\/nair-center-lleva-la-ia-navarra-al-mundo-verano-de-ciencia-talento-y-conexiones-globales\/"},"author":{"name":"Carlota Cort\u00e9s","@id":"https:\/\/www.naircenter.com\/#\/schema\/person\/f4940c0320240ffcb2baddbd099d31fa"},"headline":"NAIR Centerrek mundura zabaldu du Nafarroako adimen artifiziala: zientziaren, talentuaren eta konexio globalen uda","datePublished":"2025-09-02T12:35:50+00:00","dateModified":"2026-01-22T11:34:05+00:00","mainEntityOfPage":{"@id":"https:\/\/www.naircenter.com\/eu\/nair-center-lleva-la-ia-navarra-al-mundo-verano-de-ciencia-talento-y-conexiones-globales\/"},"wordCount":419,"publisher":{"@id":"https:\/\/www.naircenter.com\/#organization"},"image":{"@id":"https:\/\/www.naircenter.com\/eu\/nair-center-lleva-la-ia-navarra-al-mundo-verano-de-ciencia-talento-y-conexiones-globales\/#primaryimage"},"thumbnailUrl":"https:\/\/www.naircenter.com\/wp-content\/uploads\/2025\/09\/NAIRCenter.jpg","articleSection":["Sin categorizar"],"inLanguage":"eu-ES"},{"@type":"WebPage","@id":"https:\/\/www.naircenter.com\/eu\/nair-center-lleva-la-ia-navarra-al-mundo-verano-de-ciencia-talento-y-conexiones-globales\/","url":"https:\/\/www.naircenter.com\/eu\/nair-center-lleva-la-ia-navarra-al-mundo-verano-de-ciencia-talento-y-conexiones-globales\/","name":"NAIR Center lleva la IA navarra al mundo: verano de ciencia, talento y conexiones globales","isPartOf":{"@id":"https:\/\/www.naircenter.com\/#website"},"primaryImageOfPage":{"@id":"https:\/\/www.naircenter.com\/eu\/nair-center-lleva-la-ia-navarra-al-mundo-verano-de-ciencia-talento-y-conexiones-globales\/#primaryimage"},"image":{"@id":"https:\/\/www.naircenter.com\/eu\/nair-center-lleva-la-ia-navarra-al-mundo-verano-de-ciencia-talento-y-conexiones-globales\/#primaryimage"},"thumbnailUrl":"https:\/\/www.naircenter.com\/wp-content\/uploads\/2025\/09\/NAIRCenter.jpg","datePublished":"2025-09-02T12:35:50+00:00","dateModified":"2026-01-22T11:34:05+00:00","description":"Este verano, NAIR Center ha cruzado fronteras para situar a Navarra en el mapa internacional de la inteligencia artificial.","breadcrumb":{"@id":"https:\/\/www.naircenter.com\/eu\/nair-center-lleva-la-ia-navarra-al-mundo-verano-de-ciencia-talento-y-conexiones-globales\/#breadcrumb"},"inLanguage":"eu-ES","potentialAction":[{"@type":"ReadAction","target":["https:\/\/www.naircenter.com\/eu\/nair-center-lleva-la-ia-navarra-al-mundo-verano-de-ciencia-talento-y-conexiones-globales\/"]}]},{"@type":"ImageObject","inLanguage":"eu-ES","@id":"https:\/\/www.naircenter.com\/eu\/nair-center-lleva-la-ia-navarra-al-mundo-verano-de-ciencia-talento-y-conexiones-globales\/#primaryimage","url":"https:\/\/www.naircenter.com\/wp-content\/uploads\/2025\/09\/NAIRCenter.jpg","contentUrl":"https:\/\/www.naircenter.com\/wp-content\/uploads\/2025\/09\/NAIRCenter.jpg","width":1280,"height":720},{"@type":"BreadcrumbList","@id":"https:\/\/www.naircenter.com\/eu\/nair-center-lleva-la-ia-navarra-al-mundo-verano-de-ciencia-talento-y-conexiones-globales\/#breadcrumb","itemListElement":[{"@type":"ListItem","position":1,"name":"Portada","item":"https:\/\/www.naircenter.com\/eu\/"},{"@type":"ListItem","position":2,"name":"NAIR Centerrek mundura zabaldu du Nafarroako adimen artifiziala: zientziaren, talentuaren eta konexio globalen uda"}]},{"@type":"WebSite","@id":"https:\/\/www.naircenter.com\/#website","url":"https:\/\/www.naircenter.com\/","name":"NAIR","description":"","publisher":{"@id":"https:\/\/www.naircenter.com\/#organization"},"potentialAction":[{"@type":"SearchAction","target":{"@type":"EntryPoint","urlTemplate":"https:\/\/www.naircenter.com\/?s={search_term_string}"},"query-input":{"@type":"PropertyValueSpecification","valueRequired":true,"valueName":"search_term_string"}}],"inLanguage":"eu-ES"},{"@type":"Organization","@id":"https:\/\/www.naircenter.com\/#organization","name":"NAIR","url":"https:\/\/www.naircenter.com\/","logo":{"@type":"ImageObject","inLanguage":"eu-ES","@id":"https:\/\/www.naircenter.com\/#\/schema\/logo\/image\/","url":"https:\/\/www.naircenter.com\/wp-content\/uploads\/2023\/11\/nair-logo-n.png","contentUrl":"https:\/\/www.naircenter.com\/wp-content\/uploads\/2023\/11\/nair-logo-n.png","width":450,"height":108,"caption":"NAIR"},"image":{"@id":"https:\/\/www.naircenter.com\/#\/schema\/logo\/image\/"}},{"@type":"Person","@id":"https:\/\/www.naircenter.com\/#\/schema\/person\/f4940c0320240ffcb2baddbd099d31fa","name":"Carlota Cort\u00e9s"}]}},"_links":{"self":[{"href":"https:\/\/www.naircenter.com\/eu\/wp-json\/wp\/v2\/posts\/2771","targetHints":{"allow":["GET"]}}],"collection":[{"href":"https:\/\/www.naircenter.com\/eu\/wp-json\/wp\/v2\/posts"}],"about":[{"href":"https:\/\/www.naircenter.com\/eu\/wp-json\/wp\/v2\/types\/post"}],"author":[{"embeddable":true,"href":"https:\/\/www.naircenter.com\/eu\/wp-json\/wp\/v2\/users\/2"}],"replies":[{"embeddable":true,"href":"https:\/\/www.naircenter.com\/eu\/wp-json\/wp\/v2\/comments?post=2771"}],"version-history":[{"count":5,"href":"https:\/\/www.naircenter.com\/eu\/wp-json\/wp\/v2\/posts\/2771\/revisions"}],"predecessor-version":[{"id":3465,"href":"https:\/\/www.naircenter.com\/eu\/wp-json\/wp\/v2\/posts\/2771\/revisions\/3465"}],"wp:featuredmedia":[{"embeddable":true,"href":"https:\/\/www.naircenter.com\/eu\/wp-json\/wp\/v2\/media\/2776"}],"wp:attachment":[{"href":"https:\/\/www.naircenter.com\/eu\/wp-json\/wp\/v2\/media?parent=2771"}],"wp:term":[{"taxonomy":"category","embeddable":true,"href":"https:\/\/www.naircenter.com\/eu\/wp-json\/wp\/v2\/categories?post=2771"},{"taxonomy":"post_tag","embeddable":true,"href":"https:\/\/www.naircenter.com\/eu\/wp-json\/wp\/v2\/tags?post=2771"}],"curies":[{"name":"wp","href":"https:\/\/api.w.org\/{rel}","templated":true}]}}