{"id":3317,"date":"2025-07-14T14:46:38","date_gmt":"2025-07-14T12:46:38","guid":{"rendered":"https:\/\/www.naircenter.com\/nair-center-participa-en-la-escuela-de-verano-internacional-sobre-inteligencia-artificial-celebrada-en-la-universidad-de-cambridge\/"},"modified":"2026-01-09T12:20:53","modified_gmt":"2026-01-09T11:20:53","slug":"nair-center-participa-en-la-escuela-de-verano-internacional-sobre-inteligencia-artificial-celebrada-en-la-universidad-de-cambridge","status":"publish","type":"post","link":"https:\/\/www.naircenter.com\/eu\/nair-center-participa-en-la-escuela-de-verano-internacional-sobre-inteligencia-artificial-celebrada-en-la-universidad-de-cambridge\/","title":{"rendered":"NAIR Centerrek Cambridgeko Unibertsitatean egin den adimen artifizialari buruzko udako nazioarteko eskolan parte hartu du"},"content":{"rendered":"<div style=\"text-align: justify;\">\n<p>NAIR Centerrek aktiboki parte hartu du <a href=\"https:\/\/www.cam.ac.uk\/\">University of Cambridge-n<\/a> uztailaren 6tik 11ra bitartean egin zen \u201cThird Doctoral Summer School in Data Science, Accounting and Management\u201d diziplinarteko programa trinkoaren antolaketan. Eskolak Europako erakunde akademikoetako adimen artifizialaren arloko ikertzaileak eta adituak bildu ditu, adimen artifiziala, besteak beste, biomedikuntza, ekonomia, politika- eta gizarte-zientziak edo segurtasun globala bezalako arloetan erabiltzearen aukerak, arriskuak eta erronkak analizatzeko asmoz.<\/p>\n<p>NAIR Centerrek Marisol G\u00f3mez Fern\u00e1ndez zuzendari zientifikoa eta Juan Quizhpilema Cede\u00f1o eta Paula Vidaurreta Apestegu\u00eda doktoregaiak izan ditu ordezkari. Izan ere, Wolfson College-n eta University of Cambridge-ko Department of Computer Science-n egin diren saioetan, hitzaldietan eta networking-jardueretan parte hartu dute.<\/p>\n<p>Marisolek hitzaldi bat eman zuen Summer School jardunaldiaren programaren barruan, \u201cExplainable AI: How Regulations Meet Reality, and vice versa\u201d izenburupean. Hitzaldi horretan, adimen artifizial esplikagarriaren (XAI) garapen eta aplikazioaren errealitate praktikoaren eta araudien arteko noranzko biko erlazioa izan zuen aztergai. Aztertu zuen erregulazioek nola baldintzatzen duten sistema horien diseinua eta erabilera, eta, aldi berean, teknologiaren muga eta aukera errealek zer-nolako eragina duten araudi horiek planteatzeko moduan.<\/p>\n<p>Programan hainbat espezialistak esku hartu dute. Horien artean aipatzekoak dira, besteak beste, Pietro Li\u00f2 (University of Cambridge), Mona Isazad Mashinchi (University of Galway), Theo Lynn (Dublin City University), Roberto Tagliaferri (Universit\u00e1 di Salerno), eta Nicola Palladino (Universit\u00e1 di Salerno).<\/p>\n<p>Esperientzia hori aukera ezin hobea izan da ezagutza partekatzeko, nazioarteko konexioak sortzeko eta NAIR Centerrek adimen artifizialaren arloko ikerketa kritiko, arduratsu eta diziplina anitzekoarekin duen konpromisoa berresteko.<\/p>\n\n\t\t<style type=\"text\/css\">\n\t\t\t#gallery-1 {\n\t\t\t\tmargin: auto;\n\t\t\t}\n\t\t\t#gallery-1 .gallery-item {\n\t\t\t\tfloat: left;\n\t\t\t\tmargin-top: 10px;\n\t\t\t\ttext-align: center;\n\t\t\t\twidth: 33%;\n\t\t\t}\n\t\t\t#gallery-1 img {\n\t\t\t\tborder: 2px solid #cfcfcf;\n\t\t\t}\n\t\t\t#gallery-1 .gallery-caption {\n\t\t\t\tmargin-left: 0;\n\t\t\t}\n\t\t\t\/* see gallery_shortcode() in wp-includes\/media.php *\/\n\t\t<\/style>\n\t\t<div id='gallery-1' class='gallery galleryid-3317 gallery-columns-3 gallery-size-large'><dl class='gallery-item'>\n\t\t\t<dt class='gallery-icon landscape'>\n\t\t\t\t<a href='https:\/\/www.naircenter.com\/eu\/nair-center-participa-en-la-escuela-de-verano-internacional-sobre-inteligencia-artificial-celebrada-en-la-universidad-de-cambridge\/summer-school-university-of-cambridge-12-2\/'><img loading=\"lazy\" decoding=\"async\" width=\"1024\" height=\"751\" src=\"https:\/\/www.naircenter.com\/wp-content\/uploads\/2025\/07\/Summer-School-University-of-Cambridge-12-1024x751.jpg\" class=\"attachment-large size-large\" alt=\"\" srcset=\"https:\/\/www.naircenter.com\/wp-content\/uploads\/2025\/07\/Summer-School-University-of-Cambridge-12-1024x751.jpg 1024w, https:\/\/www.naircenter.com\/wp-content\/uploads\/2025\/07\/Summer-School-University-of-Cambridge-12-300x220.jpg 300w, https:\/\/www.naircenter.com\/wp-content\/uploads\/2025\/07\/Summer-School-University-of-Cambridge-12-768x563.jpg 768w, https:\/\/www.naircenter.com\/wp-content\/uploads\/2025\/07\/Summer-School-University-of-Cambridge-12.jpg 1424w\" sizes=\"auto, (max-width: 1024px) 100vw, 1024px\" \/><\/a>\n\t\t\t<\/dt><\/dl><dl class='gallery-item'>\n\t\t\t<dt class='gallery-icon portrait'>\n\t\t\t\t<a href='https:\/\/www.naircenter.com\/eu\/nair-center-participa-en-la-escuela-de-verano-internacional-sobre-inteligencia-artificial-celebrada-en-la-universidad-de-cambridge\/summer-school-university-of-cambridge-13-2\/'><img loading=\"lazy\" decoding=\"async\" width=\"678\" height=\"1024\" src=\"https:\/\/www.naircenter.com\/wp-content\/uploads\/2025\/07\/Summer-School-University-of-Cambridge-13-678x1024.jpg\" class=\"attachment-large size-large\" alt=\"\" srcset=\"https:\/\/www.naircenter.com\/wp-content\/uploads\/2025\/07\/Summer-School-University-of-Cambridge-13-678x1024.jpg 678w, https:\/\/www.naircenter.com\/wp-content\/uploads\/2025\/07\/Summer-School-University-of-Cambridge-13-199x300.jpg 199w, https:\/\/www.naircenter.com\/wp-content\/uploads\/2025\/07\/Summer-School-University-of-Cambridge-13-768x1160.jpg 768w, https:\/\/www.naircenter.com\/wp-content\/uploads\/2025\/07\/Summer-School-University-of-Cambridge-13.jpg 854w\" sizes=\"auto, (max-width: 678px) 100vw, 678px\" \/><\/a>\n\t\t\t<\/dt><\/dl><dl class='gallery-item'>\n\t\t\t<dt class='gallery-icon landscape'>\n\t\t\t\t<a href='https:\/\/www.naircenter.com\/eu\/nair-center-participa-en-la-escuela-de-verano-internacional-sobre-inteligencia-artificial-celebrada-en-la-universidad-de-cambridge\/summer-school-university-of-cambridge-9-2\/'><img loading=\"lazy\" decoding=\"async\" width=\"1024\" height=\"768\" src=\"https:\/\/www.naircenter.com\/wp-content\/uploads\/2025\/07\/Summer-School-University-of-Cambridge-9-1024x768.jpg\" class=\"attachment-large size-large\" alt=\"\" srcset=\"https:\/\/www.naircenter.com\/wp-content\/uploads\/2025\/07\/Summer-School-University-of-Cambridge-9-1024x768.jpg 1024w, https:\/\/www.naircenter.com\/wp-content\/uploads\/2025\/07\/Summer-School-University-of-Cambridge-9-300x225.jpg 300w, https:\/\/www.naircenter.com\/wp-content\/uploads\/2025\/07\/Summer-School-University-of-Cambridge-9-768x576.jpg 768w, https:\/\/www.naircenter.com\/wp-content\/uploads\/2025\/07\/Summer-School-University-of-Cambridge-9-1536x1152.jpg 1536w, https:\/\/www.naircenter.com\/wp-content\/uploads\/2025\/07\/Summer-School-University-of-Cambridge-9-2048x1536.jpg 2048w\" sizes=\"auto, (max-width: 1024px) 100vw, 1024px\" \/><\/a>\n\t\t\t<\/dt><\/dl><br style=\"clear: both\" \/><dl class='gallery-item'>\n\t\t\t<dt class='gallery-icon landscape'>\n\t\t\t\t<a href='https:\/\/www.naircenter.com\/eu\/nair-center-participa-en-la-escuela-de-verano-internacional-sobre-inteligencia-artificial-celebrada-en-la-universidad-de-cambridge\/summer-school-university-of-cambridge-8-2\/'><img loading=\"lazy\" decoding=\"async\" width=\"1024\" height=\"768\" src=\"https:\/\/www.naircenter.com\/wp-content\/uploads\/2025\/07\/Summer-School-University-of-Cambridge-8-1024x768.jpg\" class=\"attachment-large size-large\" alt=\"\" srcset=\"https:\/\/www.naircenter.com\/wp-content\/uploads\/2025\/07\/Summer-School-University-of-Cambridge-8-1024x768.jpg 1024w, https:\/\/www.naircenter.com\/wp-content\/uploads\/2025\/07\/Summer-School-University-of-Cambridge-8-300x225.jpg 300w, https:\/\/www.naircenter.com\/wp-content\/uploads\/2025\/07\/Summer-School-University-of-Cambridge-8-768x576.jpg 768w, https:\/\/www.naircenter.com\/wp-content\/uploads\/2025\/07\/Summer-School-University-of-Cambridge-8-1536x1152.jpg 1536w, https:\/\/www.naircenter.com\/wp-content\/uploads\/2025\/07\/Summer-School-University-of-Cambridge-8-2048x1536.jpg 2048w\" sizes=\"auto, (max-width: 1024px) 100vw, 1024px\" \/><\/a>\n\t\t\t<\/dt><\/dl><dl class='gallery-item'>\n\t\t\t<dt class='gallery-icon landscape'>\n\t\t\t\t<a href='https:\/\/www.naircenter.com\/eu\/nair-center-participa-en-la-escuela-de-verano-internacional-sobre-inteligencia-artificial-celebrada-en-la-universidad-de-cambridge\/summer-school-university-of-cambridge-7-2\/'><img loading=\"lazy\" decoding=\"async\" width=\"1024\" height=\"768\" src=\"https:\/\/www.naircenter.com\/wp-content\/uploads\/2025\/07\/Summer-School-University-of-Cambridge-7-1024x768.jpg\" class=\"attachment-large size-large\" alt=\"\" srcset=\"https:\/\/www.naircenter.com\/wp-content\/uploads\/2025\/07\/Summer-School-University-of-Cambridge-7-1024x768.jpg 1024w, https:\/\/www.naircenter.com\/wp-content\/uploads\/2025\/07\/Summer-School-University-of-Cambridge-7-300x225.jpg 300w, https:\/\/www.naircenter.com\/wp-content\/uploads\/2025\/07\/Summer-School-University-of-Cambridge-7-768x576.jpg 768w, https:\/\/www.naircenter.com\/wp-content\/uploads\/2025\/07\/Summer-School-University-of-Cambridge-7-1536x1152.jpg 1536w, https:\/\/www.naircenter.com\/wp-content\/uploads\/2025\/07\/Summer-School-University-of-Cambridge-7-2048x1536.jpg 2048w\" sizes=\"auto, (max-width: 1024px) 100vw, 1024px\" \/><\/a>\n\t\t\t<\/dt><\/dl><dl class='gallery-item'>\n\t\t\t<dt class='gallery-icon landscape'>\n\t\t\t\t<a href='https:\/\/www.naircenter.com\/eu\/nair-center-participa-en-la-escuela-de-verano-internacional-sobre-inteligencia-artificial-celebrada-en-la-universidad-de-cambridge\/summer-school-university-of-cambridge-3-2\/'><img loading=\"lazy\" decoding=\"async\" width=\"1024\" height=\"768\" src=\"https:\/\/www.naircenter.com\/wp-content\/uploads\/2025\/07\/Summer-School-University-of-Cambridge-3-1024x768.jpg\" class=\"attachment-large size-large\" alt=\"\" srcset=\"https:\/\/www.naircenter.com\/wp-content\/uploads\/2025\/07\/Summer-School-University-of-Cambridge-3-1024x768.jpg 1024w, https:\/\/www.naircenter.com\/wp-content\/uploads\/2025\/07\/Summer-School-University-of-Cambridge-3-300x225.jpg 300w, https:\/\/www.naircenter.com\/wp-content\/uploads\/2025\/07\/Summer-School-University-of-Cambridge-3-768x576.jpg 768w, https:\/\/www.naircenter.com\/wp-content\/uploads\/2025\/07\/Summer-School-University-of-Cambridge-3-1536x1152.jpg 1536w, https:\/\/www.naircenter.com\/wp-content\/uploads\/2025\/07\/Summer-School-University-of-Cambridge-3-2048x1536.jpg 2048w\" sizes=\"auto, (max-width: 1024px) 100vw, 1024px\" \/><\/a>\n\t\t\t<\/dt><\/dl><br style=\"clear: both\" \/>\n\t\t<\/div>\n\n<\/div>\n","protected":false},"excerpt":{"rendered":"<p>NAIR Centerrek aktiboki parte hartu du University of Cambridge-n uztailaren 6tik 11ra bitartean egin zen \u201cThird Doctoral Summer School in Data Science, Accounting and Management\u201d diziplinarteko programa trinkoaren antolaketan. Eskolak&#8230;<\/p>\n","protected":false},"author":2,"featured_media":2640,"comment_status":"closed","ping_status":"closed","sticky":false,"template":"","format":"standard","meta":{"footnotes":""},"categories":[33],"tags":[],"class_list":{"0":"post-3317","1":"post","2":"type-post","3":"status-publish","4":"format-standard","5":"has-post-thumbnail","7":"category-sin-categorizar-eu"},"yoast_head":"<!-- This site is optimized with the Yoast SEO plugin v27.3 - https:\/\/yoast.com\/product\/yoast-seo-wordpress\/ -->\n<title>NAIR Centerrek Cambridgeko Unibertsitatean egin den adimen artifizialari buruzko udako nazioarteko eskolan parte hartu du - NAIR<\/title>\n<meta name=\"robots\" content=\"index, follow, max-snippet:-1, max-image-preview:large, max-video-preview:-1\" \/>\n<link rel=\"canonical\" href=\"https:\/\/www.naircenter.com\/eu\/nair-center-participa-en-la-escuela-de-verano-internacional-sobre-inteligencia-artificial-celebrada-en-la-universidad-de-cambridge\/\" \/>\n<meta property=\"og:locale\" content=\"eu_ES\" \/>\n<meta property=\"og:type\" content=\"article\" \/>\n<meta property=\"og:title\" content=\"NAIR Centerrek Cambridgeko Unibertsitatean egin den adimen artifizialari buruzko udako nazioarteko eskolan parte hartu du - NAIR\" \/>\n<meta property=\"og:description\" content=\"NAIR Centerrek aktiboki parte hartu du University of Cambridge-n uztailaren 6tik 11ra bitartean egin zen \u201cThird Doctoral Summer School in Data Science, Accounting and Management\u201d diziplinarteko programa trinkoaren antolaketan. Eskolak...\" \/>\n<meta property=\"og:url\" content=\"https:\/\/www.naircenter.com\/eu\/nair-center-participa-en-la-escuela-de-verano-internacional-sobre-inteligencia-artificial-celebrada-en-la-universidad-de-cambridge\/\" \/>\n<meta property=\"og:site_name\" content=\"NAIR\" \/>\n<meta property=\"article:published_time\" content=\"2025-07-14T12:46:38+00:00\" \/>\n<meta property=\"article:modified_time\" content=\"2026-01-09T11:20:53+00:00\" \/>\n<meta property=\"og:image\" content=\"https:\/\/www.naircenter.com\/wp-content\/uploads\/2025\/07\/Summer-School-University-of-Cambridge-12.jpg\" \/>\n\t<meta property=\"og:image:width\" content=\"1424\" \/>\n\t<meta property=\"og:image:height\" content=\"1044\" \/>\n\t<meta property=\"og:image:type\" content=\"image\/jpeg\" \/>\n<meta name=\"author\" content=\"Carlota Cort\u00e9s\" \/>\n<meta name=\"twitter:card\" content=\"summary_large_image\" \/>\n<meta name=\"twitter:label1\" content=\"Written by\" \/>\n\t<meta name=\"twitter:data1\" content=\"Carlota Cort\u00e9s\" \/>\n\t<meta name=\"twitter:label2\" content=\"Est. reading time\" \/>\n\t<meta name=\"twitter:data2\" content=\"2 minutes\" \/>\n<script type=\"application\/ld+json\" class=\"yoast-schema-graph\">{\"@context\":\"https:\\\/\\\/schema.org\",\"@graph\":[{\"@type\":\"Article\",\"@id\":\"https:\\\/\\\/www.naircenter.com\\\/eu\\\/nair-center-participa-en-la-escuela-de-verano-internacional-sobre-inteligencia-artificial-celebrada-en-la-universidad-de-cambridge\\\/#article\",\"isPartOf\":{\"@id\":\"https:\\\/\\\/www.naircenter.com\\\/eu\\\/nair-center-participa-en-la-escuela-de-verano-internacional-sobre-inteligencia-artificial-celebrada-en-la-universidad-de-cambridge\\\/\"},\"author\":{\"name\":\"Carlota Cort\u00e9s\",\"@id\":\"https:\\\/\\\/www.naircenter.com\\\/#\\\/schema\\\/person\\\/f4940c0320240ffcb2baddbd099d31fa\"},\"headline\":\"NAIR Centerrek Cambridgeko Unibertsitatean egin den adimen artifizialari buruzko udako nazioarteko eskolan parte hartu du\",\"datePublished\":\"2025-07-14T12:46:38+00:00\",\"dateModified\":\"2026-01-09T11:20:53+00:00\",\"mainEntityOfPage\":{\"@id\":\"https:\\\/\\\/www.naircenter.com\\\/eu\\\/nair-center-participa-en-la-escuela-de-verano-internacional-sobre-inteligencia-artificial-celebrada-en-la-universidad-de-cambridge\\\/\"},\"wordCount\":257,\"publisher\":{\"@id\":\"https:\\\/\\\/www.naircenter.com\\\/#organization\"},\"image\":{\"@id\":\"https:\\\/\\\/www.naircenter.com\\\/eu\\\/nair-center-participa-en-la-escuela-de-verano-internacional-sobre-inteligencia-artificial-celebrada-en-la-universidad-de-cambridge\\\/#primaryimage\"},\"thumbnailUrl\":\"https:\\\/\\\/www.naircenter.com\\\/wp-content\\\/uploads\\\/2025\\\/07\\\/Summer-School-University-of-Cambridge-12.jpg\",\"articleSection\":[\"Sin categorizar\"],\"inLanguage\":\"eu-ES\"},{\"@type\":\"WebPage\",\"@id\":\"https:\\\/\\\/www.naircenter.com\\\/eu\\\/nair-center-participa-en-la-escuela-de-verano-internacional-sobre-inteligencia-artificial-celebrada-en-la-universidad-de-cambridge\\\/\",\"url\":\"https:\\\/\\\/www.naircenter.com\\\/eu\\\/nair-center-participa-en-la-escuela-de-verano-internacional-sobre-inteligencia-artificial-celebrada-en-la-universidad-de-cambridge\\\/\",\"name\":\"NAIR Centerrek Cambridgeko Unibertsitatean egin den adimen artifizialari buruzko udako nazioarteko eskolan parte hartu du - NAIR\",\"isPartOf\":{\"@id\":\"https:\\\/\\\/www.naircenter.com\\\/#website\"},\"primaryImageOfPage\":{\"@id\":\"https:\\\/\\\/www.naircenter.com\\\/eu\\\/nair-center-participa-en-la-escuela-de-verano-internacional-sobre-inteligencia-artificial-celebrada-en-la-universidad-de-cambridge\\\/#primaryimage\"},\"image\":{\"@id\":\"https:\\\/\\\/www.naircenter.com\\\/eu\\\/nair-center-participa-en-la-escuela-de-verano-internacional-sobre-inteligencia-artificial-celebrada-en-la-universidad-de-cambridge\\\/#primaryimage\"},\"thumbnailUrl\":\"https:\\\/\\\/www.naircenter.com\\\/wp-content\\\/uploads\\\/2025\\\/07\\\/Summer-School-University-of-Cambridge-12.jpg\",\"datePublished\":\"2025-07-14T12:46:38+00:00\",\"dateModified\":\"2026-01-09T11:20:53+00:00\",\"breadcrumb\":{\"@id\":\"https:\\\/\\\/www.naircenter.com\\\/eu\\\/nair-center-participa-en-la-escuela-de-verano-internacional-sobre-inteligencia-artificial-celebrada-en-la-universidad-de-cambridge\\\/#breadcrumb\"},\"inLanguage\":\"eu-ES\",\"potentialAction\":[{\"@type\":\"ReadAction\",\"target\":[\"https:\\\/\\\/www.naircenter.com\\\/eu\\\/nair-center-participa-en-la-escuela-de-verano-internacional-sobre-inteligencia-artificial-celebrada-en-la-universidad-de-cambridge\\\/\"]}]},{\"@type\":\"ImageObject\",\"inLanguage\":\"eu-ES\",\"@id\":\"https:\\\/\\\/www.naircenter.com\\\/eu\\\/nair-center-participa-en-la-escuela-de-verano-internacional-sobre-inteligencia-artificial-celebrada-en-la-universidad-de-cambridge\\\/#primaryimage\",\"url\":\"https:\\\/\\\/www.naircenter.com\\\/wp-content\\\/uploads\\\/2025\\\/07\\\/Summer-School-University-of-Cambridge-12.jpg\",\"contentUrl\":\"https:\\\/\\\/www.naircenter.com\\\/wp-content\\\/uploads\\\/2025\\\/07\\\/Summer-School-University-of-Cambridge-12.jpg\",\"width\":1424,\"height\":1044},{\"@type\":\"BreadcrumbList\",\"@id\":\"https:\\\/\\\/www.naircenter.com\\\/eu\\\/nair-center-participa-en-la-escuela-de-verano-internacional-sobre-inteligencia-artificial-celebrada-en-la-universidad-de-cambridge\\\/#breadcrumb\",\"itemListElement\":[{\"@type\":\"ListItem\",\"position\":1,\"name\":\"Portada\",\"item\":\"https:\\\/\\\/www.naircenter.com\\\/eu\\\/\"},{\"@type\":\"ListItem\",\"position\":2,\"name\":\"NAIR Centerrek Cambridgeko Unibertsitatean egin den adimen artifizialari buruzko udako nazioarteko eskolan parte hartu du\"}]},{\"@type\":\"WebSite\",\"@id\":\"https:\\\/\\\/www.naircenter.com\\\/#website\",\"url\":\"https:\\\/\\\/www.naircenter.com\\\/\",\"name\":\"NAIR\",\"description\":\"\",\"publisher\":{\"@id\":\"https:\\\/\\\/www.naircenter.com\\\/#organization\"},\"potentialAction\":[{\"@type\":\"SearchAction\",\"target\":{\"@type\":\"EntryPoint\",\"urlTemplate\":\"https:\\\/\\\/www.naircenter.com\\\/?s={search_term_string}\"},\"query-input\":{\"@type\":\"PropertyValueSpecification\",\"valueRequired\":true,\"valueName\":\"search_term_string\"}}],\"inLanguage\":\"eu-ES\"},{\"@type\":\"Organization\",\"@id\":\"https:\\\/\\\/www.naircenter.com\\\/#organization\",\"name\":\"NAIR\",\"url\":\"https:\\\/\\\/www.naircenter.com\\\/\",\"logo\":{\"@type\":\"ImageObject\",\"inLanguage\":\"eu-ES\",\"@id\":\"https:\\\/\\\/www.naircenter.com\\\/#\\\/schema\\\/logo\\\/image\\\/\",\"url\":\"https:\\\/\\\/www.naircenter.com\\\/wp-content\\\/uploads\\\/2023\\\/11\\\/nair-logo-n.png\",\"contentUrl\":\"https:\\\/\\\/www.naircenter.com\\\/wp-content\\\/uploads\\\/2023\\\/11\\\/nair-logo-n.png\",\"width\":450,\"height\":108,\"caption\":\"NAIR\"},\"image\":{\"@id\":\"https:\\\/\\\/www.naircenter.com\\\/#\\\/schema\\\/logo\\\/image\\\/\"}},{\"@type\":\"Person\",\"@id\":\"https:\\\/\\\/www.naircenter.com\\\/#\\\/schema\\\/person\\\/f4940c0320240ffcb2baddbd099d31fa\",\"name\":\"Carlota Cort\u00e9s\"}]}<\/script>\n<!-- \/ Yoast SEO plugin. -->","yoast_head_json":{"title":"NAIR Centerrek Cambridgeko Unibertsitatean egin den adimen artifizialari buruzko udako nazioarteko eskolan parte hartu du - NAIR","robots":{"index":"index","follow":"follow","max-snippet":"max-snippet:-1","max-image-preview":"max-image-preview:large","max-video-preview":"max-video-preview:-1"},"canonical":"https:\/\/www.naircenter.com\/eu\/nair-center-participa-en-la-escuela-de-verano-internacional-sobre-inteligencia-artificial-celebrada-en-la-universidad-de-cambridge\/","og_locale":"eu_ES","og_type":"article","og_title":"NAIR Centerrek Cambridgeko Unibertsitatean egin den adimen artifizialari buruzko udako nazioarteko eskolan parte hartu du - NAIR","og_description":"NAIR Centerrek aktiboki parte hartu du University of Cambridge-n uztailaren 6tik 11ra bitartean egin zen \u201cThird Doctoral Summer School in Data Science, Accounting and Management\u201d diziplinarteko programa trinkoaren antolaketan. Eskolak...","og_url":"https:\/\/www.naircenter.com\/eu\/nair-center-participa-en-la-escuela-de-verano-internacional-sobre-inteligencia-artificial-celebrada-en-la-universidad-de-cambridge\/","og_site_name":"NAIR","article_published_time":"2025-07-14T12:46:38+00:00","article_modified_time":"2026-01-09T11:20:53+00:00","og_image":[{"width":1424,"height":1044,"url":"https:\/\/www.naircenter.com\/wp-content\/uploads\/2025\/07\/Summer-School-University-of-Cambridge-12.jpg","type":"image\/jpeg"}],"author":"Carlota Cort\u00e9s","twitter_card":"summary_large_image","twitter_misc":{"Written by":"Carlota Cort\u00e9s","Est. reading time":"2 minutes"},"schema":{"@context":"https:\/\/schema.org","@graph":[{"@type":"Article","@id":"https:\/\/www.naircenter.com\/eu\/nair-center-participa-en-la-escuela-de-verano-internacional-sobre-inteligencia-artificial-celebrada-en-la-universidad-de-cambridge\/#article","isPartOf":{"@id":"https:\/\/www.naircenter.com\/eu\/nair-center-participa-en-la-escuela-de-verano-internacional-sobre-inteligencia-artificial-celebrada-en-la-universidad-de-cambridge\/"},"author":{"name":"Carlota Cort\u00e9s","@id":"https:\/\/www.naircenter.com\/#\/schema\/person\/f4940c0320240ffcb2baddbd099d31fa"},"headline":"NAIR Centerrek Cambridgeko Unibertsitatean egin den adimen artifizialari buruzko udako nazioarteko eskolan parte hartu du","datePublished":"2025-07-14T12:46:38+00:00","dateModified":"2026-01-09T11:20:53+00:00","mainEntityOfPage":{"@id":"https:\/\/www.naircenter.com\/eu\/nair-center-participa-en-la-escuela-de-verano-internacional-sobre-inteligencia-artificial-celebrada-en-la-universidad-de-cambridge\/"},"wordCount":257,"publisher":{"@id":"https:\/\/www.naircenter.com\/#organization"},"image":{"@id":"https:\/\/www.naircenter.com\/eu\/nair-center-participa-en-la-escuela-de-verano-internacional-sobre-inteligencia-artificial-celebrada-en-la-universidad-de-cambridge\/#primaryimage"},"thumbnailUrl":"https:\/\/www.naircenter.com\/wp-content\/uploads\/2025\/07\/Summer-School-University-of-Cambridge-12.jpg","articleSection":["Sin categorizar"],"inLanguage":"eu-ES"},{"@type":"WebPage","@id":"https:\/\/www.naircenter.com\/eu\/nair-center-participa-en-la-escuela-de-verano-internacional-sobre-inteligencia-artificial-celebrada-en-la-universidad-de-cambridge\/","url":"https:\/\/www.naircenter.com\/eu\/nair-center-participa-en-la-escuela-de-verano-internacional-sobre-inteligencia-artificial-celebrada-en-la-universidad-de-cambridge\/","name":"NAIR Centerrek Cambridgeko Unibertsitatean egin den adimen artifizialari buruzko udako nazioarteko eskolan parte hartu du - NAIR","isPartOf":{"@id":"https:\/\/www.naircenter.com\/#website"},"primaryImageOfPage":{"@id":"https:\/\/www.naircenter.com\/eu\/nair-center-participa-en-la-escuela-de-verano-internacional-sobre-inteligencia-artificial-celebrada-en-la-universidad-de-cambridge\/#primaryimage"},"image":{"@id":"https:\/\/www.naircenter.com\/eu\/nair-center-participa-en-la-escuela-de-verano-internacional-sobre-inteligencia-artificial-celebrada-en-la-universidad-de-cambridge\/#primaryimage"},"thumbnailUrl":"https:\/\/www.naircenter.com\/wp-content\/uploads\/2025\/07\/Summer-School-University-of-Cambridge-12.jpg","datePublished":"2025-07-14T12:46:38+00:00","dateModified":"2026-01-09T11:20:53+00:00","breadcrumb":{"@id":"https:\/\/www.naircenter.com\/eu\/nair-center-participa-en-la-escuela-de-verano-internacional-sobre-inteligencia-artificial-celebrada-en-la-universidad-de-cambridge\/#breadcrumb"},"inLanguage":"eu-ES","potentialAction":[{"@type":"ReadAction","target":["https:\/\/www.naircenter.com\/eu\/nair-center-participa-en-la-escuela-de-verano-internacional-sobre-inteligencia-artificial-celebrada-en-la-universidad-de-cambridge\/"]}]},{"@type":"ImageObject","inLanguage":"eu-ES","@id":"https:\/\/www.naircenter.com\/eu\/nair-center-participa-en-la-escuela-de-verano-internacional-sobre-inteligencia-artificial-celebrada-en-la-universidad-de-cambridge\/#primaryimage","url":"https:\/\/www.naircenter.com\/wp-content\/uploads\/2025\/07\/Summer-School-University-of-Cambridge-12.jpg","contentUrl":"https:\/\/www.naircenter.com\/wp-content\/uploads\/2025\/07\/Summer-School-University-of-Cambridge-12.jpg","width":1424,"height":1044},{"@type":"BreadcrumbList","@id":"https:\/\/www.naircenter.com\/eu\/nair-center-participa-en-la-escuela-de-verano-internacional-sobre-inteligencia-artificial-celebrada-en-la-universidad-de-cambridge\/#breadcrumb","itemListElement":[{"@type":"ListItem","position":1,"name":"Portada","item":"https:\/\/www.naircenter.com\/eu\/"},{"@type":"ListItem","position":2,"name":"NAIR Centerrek Cambridgeko Unibertsitatean egin den adimen artifizialari buruzko udako nazioarteko eskolan parte hartu du"}]},{"@type":"WebSite","@id":"https:\/\/www.naircenter.com\/#website","url":"https:\/\/www.naircenter.com\/","name":"NAIR","description":"","publisher":{"@id":"https:\/\/www.naircenter.com\/#organization"},"potentialAction":[{"@type":"SearchAction","target":{"@type":"EntryPoint","urlTemplate":"https:\/\/www.naircenter.com\/?s={search_term_string}"},"query-input":{"@type":"PropertyValueSpecification","valueRequired":true,"valueName":"search_term_string"}}],"inLanguage":"eu-ES"},{"@type":"Organization","@id":"https:\/\/www.naircenter.com\/#organization","name":"NAIR","url":"https:\/\/www.naircenter.com\/","logo":{"@type":"ImageObject","inLanguage":"eu-ES","@id":"https:\/\/www.naircenter.com\/#\/schema\/logo\/image\/","url":"https:\/\/www.naircenter.com\/wp-content\/uploads\/2023\/11\/nair-logo-n.png","contentUrl":"https:\/\/www.naircenter.com\/wp-content\/uploads\/2023\/11\/nair-logo-n.png","width":450,"height":108,"caption":"NAIR"},"image":{"@id":"https:\/\/www.naircenter.com\/#\/schema\/logo\/image\/"}},{"@type":"Person","@id":"https:\/\/www.naircenter.com\/#\/schema\/person\/f4940c0320240ffcb2baddbd099d31fa","name":"Carlota Cort\u00e9s"}]}},"_links":{"self":[{"href":"https:\/\/www.naircenter.com\/eu\/wp-json\/wp\/v2\/posts\/3317","targetHints":{"allow":["GET"]}}],"collection":[{"href":"https:\/\/www.naircenter.com\/eu\/wp-json\/wp\/v2\/posts"}],"about":[{"href":"https:\/\/www.naircenter.com\/eu\/wp-json\/wp\/v2\/types\/post"}],"author":[{"embeddable":true,"href":"https:\/\/www.naircenter.com\/eu\/wp-json\/wp\/v2\/users\/2"}],"replies":[{"embeddable":true,"href":"https:\/\/www.naircenter.com\/eu\/wp-json\/wp\/v2\/comments?post=3317"}],"version-history":[{"count":4,"href":"https:\/\/www.naircenter.com\/eu\/wp-json\/wp\/v2\/posts\/3317\/revisions"}],"predecessor-version":[{"id":3322,"href":"https:\/\/www.naircenter.com\/eu\/wp-json\/wp\/v2\/posts\/3317\/revisions\/3322"}],"wp:featuredmedia":[{"embeddable":true,"href":"https:\/\/www.naircenter.com\/eu\/wp-json\/wp\/v2\/media\/2640"}],"wp:attachment":[{"href":"https:\/\/www.naircenter.com\/eu\/wp-json\/wp\/v2\/media?parent=3317"}],"wp:term":[{"taxonomy":"category","embeddable":true,"href":"https:\/\/www.naircenter.com\/eu\/wp-json\/wp\/v2\/categories?post=3317"},{"taxonomy":"post_tag","embeddable":true,"href":"https:\/\/www.naircenter.com\/eu\/wp-json\/wp\/v2\/tags?post=3317"}],"curies":[{"name":"wp","href":"https:\/\/api.w.org\/{rel}","templated":true}]}}