{"id":3348,"date":"2024-11-12T10:01:24","date_gmt":"2024-11-12T09:01:24","guid":{"rendered":"https:\/\/www.naircenter.com\/nair-center-ha-acogido-este-otono-a-dos-investigadores-expertos-en-inteligencia-artificial-y-salud\/"},"modified":"2026-01-09T12:55:12","modified_gmt":"2026-01-09T11:55:12","slug":"nair-center-ha-acogido-este-otono-a-dos-investigadores-expertos-en-inteligencia-artificial-y-salud","status":"publish","type":"post","link":"https:\/\/www.naircenter.com\/eu\/nair-center-ha-acogido-este-otono-a-dos-investigadores-expertos-en-inteligencia-artificial-y-salud\/","title":{"rendered":"NAIR Centerrek adimen artifizialeko eta osasuneko bi ikertzaile aditu hartu ditu udazken honetan"},"content":{"rendered":"<p>NAIR Centerrek, Nafarroako Adimen Artifizialaren Nazioarteko Ikerketa Zentroak, adimen artifizialaren eta osasunaren elkargunean lankidetza berriak eta baterako proiektuak bilatzen ari diren datuen fusioaren eta ikaskuntza sakon bioinspiratuaren alorretako bi ikertzaile nabarmenen bisita jaso du urria eta azaroa artean.<\/p>\n<p>Ra\u00fal P\u00e9rez Fern\u00e1ndez irakasleak, Oviedoko Unibertsitateko ikertzaile eta ziurgabetasunaren modelizazioko eta erabakiaren teoriako adituak, lankidetza zabala eskaini du osasunari aplikatutako ikerketan, Sareko Ikerketa Biomedikoko Zentroa (CIBER) eta Asturiasko Printzerriko Osasun Ikerketako Zentroa bezalako erakunde ospetsuekin lan eginez. Egin duen bisitaldian, datuen fusioko metodo aurreratuak arakatzea izan du helburu nagusitzat, bereziki garrantzitsuak baitira osasun-arloko aplikazioetan. P\u00e9rez Fern\u00e1ndez NAIR Centerreko ikertzaileekin bildu da, elkarrekin lan zientifikoa egiteko, eta arlo horretan bertan diharduen bertako ikertzaile Ander Go\u00f1i Medranoren doktorego-tesiari aurrera egiten laguntzeko.<\/p>\n<p>Bestalde, Universit\u00e0 degli Studi di Salerno unibertsitateko irakasle Francesco Bardozzok \u00abConnectomic Deep Learning: Re-thinking the Concept of Bioplausibility\u00bb gaiari buruzko hitzaldi bat eman zuen urrian. Biologian inspiratutako ikaskuntza sakoneko sistemen erronkak eta aukerak izan zituen hizpide hitzaldi horretan. Bardozzok nabarmendu zuen zein garrantzitsua den sare neuronal naturalen egitura eta portaera zehaztasun handiagoarekin emulatuko duten sistema konputazionalak garatzea, hori baita energia-kontsumoa murrizteko eta egungo ereduen efizientzia hobetzeko bidea. Egin zuen aurkezpenean, erreferentzia berezia egin zien <em>Caenorhabditis elegans<\/em>-en nerbio-sistemarekin egin zituen ikerketei. Izan ere, nematodo horren mapaketa osoari esker, eredu konputazional berritzaileak garatu ahal izan dira. Bere ikusmoldeak aukera berriak eskaintzen ditu adimen artifizialeko sistema konbentzionalen mugak gainditzeko eta ikaskuntza sakonaren esparruan etorkizun jasangarri eta eraginkorragorantz aurrera egiteko.<\/p>\n<p>NAIR Centerrek aurrera jarraitzen du adimen artifizialaren berrikuntzarako topagune gisa posizionatzeko konpromisoarekin. Eginkizun horretan, goi-mailako ikertzaileekiko lankidetza sustatzen du eta osasunaren eta teknologiaren arloko egungo erronkei erantzungo dieten soluzioen garapena bultzatzen du. Bisita horrek urrats garrantzitsua egin du Nafarroan ikerketa-metodologia berriak integratzeko bidean, eta eskualdea lider gisa posizionatu du osasun-sektoreari aplikatutako adimen artifizialeko teknologien aurrerabidean.<\/p>\n<p>&nbsp;<\/p>\n<p><strong>NAIR Centerri buruz<\/strong><\/p>\n<p>NAIR Center, Nafarroako Adimen Artifizialaren Nazioarteko Ikerketa Zentroa, adimen artifizialaren (AA) eta datu-ingeniaritzaren arloko ikerketa oinarrizkoa eta aplikatua sustatzea ardatz duen erakundea da. 2022. urtean Nafarroako Gobernuko Unibertsitateko, Berrikuntzako eta Eraldaketa Digitaleko Departamentuaren bitartez sortua, NAIR Center lider gisa posizionatu da gizartearen eta industriaren onerako adimen artifizialaren aplikazioan, eta bikaintasunarekin konprometituta dago teknologia aurreratuak erabiliz gaur egungo erronkei aurre egiteko soluzio praktikoak ikertzeko eta garatzeko eginkizunean. Bere helburu nagusien artean aipa daitezke, besteak beste, adimen artifizialaren eta datuen teknologian kalitate handiko ikerketa sustatzea, enpresei eta gizarteari ezagutzak helaraztea, SINAI Nafarroako I+G+B Sisteman eta eskualdeko enpresetan adimen artifizialaren erabilera sustatzea lehiakortasuna bultzatzeko, adimen artifizialaren arloko ikerketa akademikoa eta aplikatua babestea, balio handiko enpleguen sorrera sustatzea, eta I+G+Baren garapen orokorrean laguntzea, Nafarroan eta inguruko eskualdeetan enpresa teknologiko berriak eta ikerketa-zentroak sustatzearen bidez.<\/p>\n","protected":false},"excerpt":{"rendered":"<p>NAIR Centerrek, Nafarroako Adimen Artifizialaren Nazioarteko Ikerketa Zentroak, adimen artifizialaren eta osasunaren elkargunean lankidetza berriak eta baterako proiektuak bilatzen ari diren datuen fusioaren eta ikaskuntza sakon bioinspiratuaren alorretako bi ikertzaile&#8230;<\/p>\n","protected":false},"author":2,"featured_media":1684,"comment_status":"closed","ping_status":"closed","sticky":false,"template":"","format":"standard","meta":{"footnotes":""},"categories":[33],"tags":[48],"class_list":{"0":"post-3348","1":"post","2":"type-post","3":"status-publish","4":"format-standard","5":"has-post-thumbnail","7":"category-sin-categorizar-eu","8":"tag-visita-de-investigadores-as"},"yoast_head":"<!-- This site is optimized with the Yoast SEO plugin v27.3 - https:\/\/yoast.com\/product\/yoast-seo-wordpress\/ -->\n<title>NAIR Centerrek adimen artifizialeko eta osasuneko bi ikertzaile aditu hartu ditu udazken honetan - NAIR<\/title>\n<meta name=\"robots\" content=\"index, follow, max-snippet:-1, max-image-preview:large, max-video-preview:-1\" \/>\n<link rel=\"canonical\" href=\"https:\/\/www.naircenter.com\/eu\/nair-center-ha-acogido-este-otono-a-dos-investigadores-expertos-en-inteligencia-artificial-y-salud\/\" \/>\n<meta property=\"og:locale\" content=\"eu_ES\" \/>\n<meta property=\"og:type\" content=\"article\" \/>\n<meta property=\"og:title\" content=\"NAIR Centerrek adimen artifizialeko eta osasuneko bi ikertzaile aditu hartu ditu udazken honetan - NAIR\" \/>\n<meta property=\"og:description\" content=\"NAIR Centerrek, Nafarroako Adimen Artifizialaren Nazioarteko Ikerketa Zentroak, adimen artifizialaren eta osasunaren elkargunean lankidetza berriak eta baterako proiektuak bilatzen ari diren datuen fusioaren eta ikaskuntza sakon bioinspiratuaren alorretako bi ikertzaile...\" \/>\n<meta property=\"og:url\" content=\"https:\/\/www.naircenter.com\/eu\/nair-center-ha-acogido-este-otono-a-dos-investigadores-expertos-en-inteligencia-artificial-y-salud\/\" \/>\n<meta property=\"og:site_name\" content=\"NAIR\" \/>\n<meta property=\"article:published_time\" content=\"2024-11-12T09:01:24+00:00\" \/>\n<meta property=\"article:modified_time\" content=\"2026-01-09T11:55:12+00:00\" \/>\n<meta property=\"og:image\" content=\"https:\/\/www.naircenter.com\/wp-content\/uploads\/2024\/11\/20241009-DSC_0014-scaled.jpg\" \/>\n\t<meta property=\"og:image:width\" content=\"2560\" \/>\n\t<meta property=\"og:image:height\" content=\"1707\" \/>\n\t<meta property=\"og:image:type\" content=\"image\/jpeg\" \/>\n<meta name=\"author\" content=\"Carlota Cort\u00e9s\" \/>\n<meta name=\"twitter:card\" content=\"summary_large_image\" \/>\n<meta name=\"twitter:label1\" content=\"Written by\" \/>\n\t<meta name=\"twitter:data1\" content=\"Carlota Cort\u00e9s\" \/>\n\t<meta name=\"twitter:label2\" content=\"Est. reading time\" \/>\n\t<meta name=\"twitter:data2\" content=\"3 minutes\" \/>\n<script type=\"application\/ld+json\" class=\"yoast-schema-graph\">{\"@context\":\"https:\\\/\\\/schema.org\",\"@graph\":[{\"@type\":\"Article\",\"@id\":\"https:\\\/\\\/www.naircenter.com\\\/eu\\\/nair-center-ha-acogido-este-otono-a-dos-investigadores-expertos-en-inteligencia-artificial-y-salud\\\/#article\",\"isPartOf\":{\"@id\":\"https:\\\/\\\/www.naircenter.com\\\/eu\\\/nair-center-ha-acogido-este-otono-a-dos-investigadores-expertos-en-inteligencia-artificial-y-salud\\\/\"},\"author\":{\"name\":\"Carlota Cort\u00e9s\",\"@id\":\"https:\\\/\\\/www.naircenter.com\\\/#\\\/schema\\\/person\\\/f4940c0320240ffcb2baddbd099d31fa\"},\"headline\":\"NAIR Centerrek adimen artifizialeko eta osasuneko bi ikertzaile aditu hartu ditu udazken honetan\",\"datePublished\":\"2024-11-12T09:01:24+00:00\",\"dateModified\":\"2026-01-09T11:55:12+00:00\",\"mainEntityOfPage\":{\"@id\":\"https:\\\/\\\/www.naircenter.com\\\/eu\\\/nair-center-ha-acogido-este-otono-a-dos-investigadores-expertos-en-inteligencia-artificial-y-salud\\\/\"},\"wordCount\":444,\"publisher\":{\"@id\":\"https:\\\/\\\/www.naircenter.com\\\/#organization\"},\"image\":{\"@id\":\"https:\\\/\\\/www.naircenter.com\\\/eu\\\/nair-center-ha-acogido-este-otono-a-dos-investigadores-expertos-en-inteligencia-artificial-y-salud\\\/#primaryimage\"},\"thumbnailUrl\":\"https:\\\/\\\/www.naircenter.com\\\/wp-content\\\/uploads\\\/2024\\\/11\\\/20241009-DSC_0014-scaled.jpg\",\"keywords\":[\"Visita de investigadores\\\/as\"],\"articleSection\":[\"Sin categorizar\"],\"inLanguage\":\"eu-ES\"},{\"@type\":\"WebPage\",\"@id\":\"https:\\\/\\\/www.naircenter.com\\\/eu\\\/nair-center-ha-acogido-este-otono-a-dos-investigadores-expertos-en-inteligencia-artificial-y-salud\\\/\",\"url\":\"https:\\\/\\\/www.naircenter.com\\\/eu\\\/nair-center-ha-acogido-este-otono-a-dos-investigadores-expertos-en-inteligencia-artificial-y-salud\\\/\",\"name\":\"NAIR Centerrek adimen artifizialeko eta osasuneko bi ikertzaile aditu hartu ditu udazken honetan - NAIR\",\"isPartOf\":{\"@id\":\"https:\\\/\\\/www.naircenter.com\\\/#website\"},\"primaryImageOfPage\":{\"@id\":\"https:\\\/\\\/www.naircenter.com\\\/eu\\\/nair-center-ha-acogido-este-otono-a-dos-investigadores-expertos-en-inteligencia-artificial-y-salud\\\/#primaryimage\"},\"image\":{\"@id\":\"https:\\\/\\\/www.naircenter.com\\\/eu\\\/nair-center-ha-acogido-este-otono-a-dos-investigadores-expertos-en-inteligencia-artificial-y-salud\\\/#primaryimage\"},\"thumbnailUrl\":\"https:\\\/\\\/www.naircenter.com\\\/wp-content\\\/uploads\\\/2024\\\/11\\\/20241009-DSC_0014-scaled.jpg\",\"datePublished\":\"2024-11-12T09:01:24+00:00\",\"dateModified\":\"2026-01-09T11:55:12+00:00\",\"breadcrumb\":{\"@id\":\"https:\\\/\\\/www.naircenter.com\\\/eu\\\/nair-center-ha-acogido-este-otono-a-dos-investigadores-expertos-en-inteligencia-artificial-y-salud\\\/#breadcrumb\"},\"inLanguage\":\"eu-ES\",\"potentialAction\":[{\"@type\":\"ReadAction\",\"target\":[\"https:\\\/\\\/www.naircenter.com\\\/eu\\\/nair-center-ha-acogido-este-otono-a-dos-investigadores-expertos-en-inteligencia-artificial-y-salud\\\/\"]}]},{\"@type\":\"ImageObject\",\"inLanguage\":\"eu-ES\",\"@id\":\"https:\\\/\\\/www.naircenter.com\\\/eu\\\/nair-center-ha-acogido-este-otono-a-dos-investigadores-expertos-en-inteligencia-artificial-y-salud\\\/#primaryimage\",\"url\":\"https:\\\/\\\/www.naircenter.com\\\/wp-content\\\/uploads\\\/2024\\\/11\\\/20241009-DSC_0014-scaled.jpg\",\"contentUrl\":\"https:\\\/\\\/www.naircenter.com\\\/wp-content\\\/uploads\\\/2024\\\/11\\\/20241009-DSC_0014-scaled.jpg\",\"width\":2560,\"height\":1707},{\"@type\":\"BreadcrumbList\",\"@id\":\"https:\\\/\\\/www.naircenter.com\\\/eu\\\/nair-center-ha-acogido-este-otono-a-dos-investigadores-expertos-en-inteligencia-artificial-y-salud\\\/#breadcrumb\",\"itemListElement\":[{\"@type\":\"ListItem\",\"position\":1,\"name\":\"Portada\",\"item\":\"https:\\\/\\\/www.naircenter.com\\\/eu\\\/\"},{\"@type\":\"ListItem\",\"position\":2,\"name\":\"NAIR Centerrek adimen artifizialeko eta osasuneko bi ikertzaile aditu hartu ditu udazken honetan\"}]},{\"@type\":\"WebSite\",\"@id\":\"https:\\\/\\\/www.naircenter.com\\\/#website\",\"url\":\"https:\\\/\\\/www.naircenter.com\\\/\",\"name\":\"NAIR\",\"description\":\"\",\"publisher\":{\"@id\":\"https:\\\/\\\/www.naircenter.com\\\/#organization\"},\"potentialAction\":[{\"@type\":\"SearchAction\",\"target\":{\"@type\":\"EntryPoint\",\"urlTemplate\":\"https:\\\/\\\/www.naircenter.com\\\/?s={search_term_string}\"},\"query-input\":{\"@type\":\"PropertyValueSpecification\",\"valueRequired\":true,\"valueName\":\"search_term_string\"}}],\"inLanguage\":\"eu-ES\"},{\"@type\":\"Organization\",\"@id\":\"https:\\\/\\\/www.naircenter.com\\\/#organization\",\"name\":\"NAIR\",\"url\":\"https:\\\/\\\/www.naircenter.com\\\/\",\"logo\":{\"@type\":\"ImageObject\",\"inLanguage\":\"eu-ES\",\"@id\":\"https:\\\/\\\/www.naircenter.com\\\/#\\\/schema\\\/logo\\\/image\\\/\",\"url\":\"https:\\\/\\\/www.naircenter.com\\\/wp-content\\\/uploads\\\/2023\\\/11\\\/nair-logo-n.png\",\"contentUrl\":\"https:\\\/\\\/www.naircenter.com\\\/wp-content\\\/uploads\\\/2023\\\/11\\\/nair-logo-n.png\",\"width\":450,\"height\":108,\"caption\":\"NAIR\"},\"image\":{\"@id\":\"https:\\\/\\\/www.naircenter.com\\\/#\\\/schema\\\/logo\\\/image\\\/\"}},{\"@type\":\"Person\",\"@id\":\"https:\\\/\\\/www.naircenter.com\\\/#\\\/schema\\\/person\\\/f4940c0320240ffcb2baddbd099d31fa\",\"name\":\"Carlota Cort\u00e9s\"}]}<\/script>\n<!-- \/ Yoast SEO plugin. -->","yoast_head_json":{"title":"NAIR Centerrek adimen artifizialeko eta osasuneko bi ikertzaile aditu hartu ditu udazken honetan - NAIR","robots":{"index":"index","follow":"follow","max-snippet":"max-snippet:-1","max-image-preview":"max-image-preview:large","max-video-preview":"max-video-preview:-1"},"canonical":"https:\/\/www.naircenter.com\/eu\/nair-center-ha-acogido-este-otono-a-dos-investigadores-expertos-en-inteligencia-artificial-y-salud\/","og_locale":"eu_ES","og_type":"article","og_title":"NAIR Centerrek adimen artifizialeko eta osasuneko bi ikertzaile aditu hartu ditu udazken honetan - NAIR","og_description":"NAIR Centerrek, Nafarroako Adimen Artifizialaren Nazioarteko Ikerketa Zentroak, adimen artifizialaren eta osasunaren elkargunean lankidetza berriak eta baterako proiektuak bilatzen ari diren datuen fusioaren eta ikaskuntza sakon bioinspiratuaren alorretako bi ikertzaile...","og_url":"https:\/\/www.naircenter.com\/eu\/nair-center-ha-acogido-este-otono-a-dos-investigadores-expertos-en-inteligencia-artificial-y-salud\/","og_site_name":"NAIR","article_published_time":"2024-11-12T09:01:24+00:00","article_modified_time":"2026-01-09T11:55:12+00:00","og_image":[{"width":2560,"height":1707,"url":"https:\/\/www.naircenter.com\/wp-content\/uploads\/2024\/11\/20241009-DSC_0014-scaled.jpg","type":"image\/jpeg"}],"author":"Carlota Cort\u00e9s","twitter_card":"summary_large_image","twitter_misc":{"Written by":"Carlota Cort\u00e9s","Est. reading time":"3 minutes"},"schema":{"@context":"https:\/\/schema.org","@graph":[{"@type":"Article","@id":"https:\/\/www.naircenter.com\/eu\/nair-center-ha-acogido-este-otono-a-dos-investigadores-expertos-en-inteligencia-artificial-y-salud\/#article","isPartOf":{"@id":"https:\/\/www.naircenter.com\/eu\/nair-center-ha-acogido-este-otono-a-dos-investigadores-expertos-en-inteligencia-artificial-y-salud\/"},"author":{"name":"Carlota Cort\u00e9s","@id":"https:\/\/www.naircenter.com\/#\/schema\/person\/f4940c0320240ffcb2baddbd099d31fa"},"headline":"NAIR Centerrek adimen artifizialeko eta osasuneko bi ikertzaile aditu hartu ditu udazken honetan","datePublished":"2024-11-12T09:01:24+00:00","dateModified":"2026-01-09T11:55:12+00:00","mainEntityOfPage":{"@id":"https:\/\/www.naircenter.com\/eu\/nair-center-ha-acogido-este-otono-a-dos-investigadores-expertos-en-inteligencia-artificial-y-salud\/"},"wordCount":444,"publisher":{"@id":"https:\/\/www.naircenter.com\/#organization"},"image":{"@id":"https:\/\/www.naircenter.com\/eu\/nair-center-ha-acogido-este-otono-a-dos-investigadores-expertos-en-inteligencia-artificial-y-salud\/#primaryimage"},"thumbnailUrl":"https:\/\/www.naircenter.com\/wp-content\/uploads\/2024\/11\/20241009-DSC_0014-scaled.jpg","keywords":["Visita de investigadores\/as"],"articleSection":["Sin categorizar"],"inLanguage":"eu-ES"},{"@type":"WebPage","@id":"https:\/\/www.naircenter.com\/eu\/nair-center-ha-acogido-este-otono-a-dos-investigadores-expertos-en-inteligencia-artificial-y-salud\/","url":"https:\/\/www.naircenter.com\/eu\/nair-center-ha-acogido-este-otono-a-dos-investigadores-expertos-en-inteligencia-artificial-y-salud\/","name":"NAIR Centerrek adimen artifizialeko eta osasuneko bi ikertzaile aditu hartu ditu udazken honetan - NAIR","isPartOf":{"@id":"https:\/\/www.naircenter.com\/#website"},"primaryImageOfPage":{"@id":"https:\/\/www.naircenter.com\/eu\/nair-center-ha-acogido-este-otono-a-dos-investigadores-expertos-en-inteligencia-artificial-y-salud\/#primaryimage"},"image":{"@id":"https:\/\/www.naircenter.com\/eu\/nair-center-ha-acogido-este-otono-a-dos-investigadores-expertos-en-inteligencia-artificial-y-salud\/#primaryimage"},"thumbnailUrl":"https:\/\/www.naircenter.com\/wp-content\/uploads\/2024\/11\/20241009-DSC_0014-scaled.jpg","datePublished":"2024-11-12T09:01:24+00:00","dateModified":"2026-01-09T11:55:12+00:00","breadcrumb":{"@id":"https:\/\/www.naircenter.com\/eu\/nair-center-ha-acogido-este-otono-a-dos-investigadores-expertos-en-inteligencia-artificial-y-salud\/#breadcrumb"},"inLanguage":"eu-ES","potentialAction":[{"@type":"ReadAction","target":["https:\/\/www.naircenter.com\/eu\/nair-center-ha-acogido-este-otono-a-dos-investigadores-expertos-en-inteligencia-artificial-y-salud\/"]}]},{"@type":"ImageObject","inLanguage":"eu-ES","@id":"https:\/\/www.naircenter.com\/eu\/nair-center-ha-acogido-este-otono-a-dos-investigadores-expertos-en-inteligencia-artificial-y-salud\/#primaryimage","url":"https:\/\/www.naircenter.com\/wp-content\/uploads\/2024\/11\/20241009-DSC_0014-scaled.jpg","contentUrl":"https:\/\/www.naircenter.com\/wp-content\/uploads\/2024\/11\/20241009-DSC_0014-scaled.jpg","width":2560,"height":1707},{"@type":"BreadcrumbList","@id":"https:\/\/www.naircenter.com\/eu\/nair-center-ha-acogido-este-otono-a-dos-investigadores-expertos-en-inteligencia-artificial-y-salud\/#breadcrumb","itemListElement":[{"@type":"ListItem","position":1,"name":"Portada","item":"https:\/\/www.naircenter.com\/eu\/"},{"@type":"ListItem","position":2,"name":"NAIR Centerrek adimen artifizialeko eta osasuneko bi ikertzaile aditu hartu ditu udazken honetan"}]},{"@type":"WebSite","@id":"https:\/\/www.naircenter.com\/#website","url":"https:\/\/www.naircenter.com\/","name":"NAIR","description":"","publisher":{"@id":"https:\/\/www.naircenter.com\/#organization"},"potentialAction":[{"@type":"SearchAction","target":{"@type":"EntryPoint","urlTemplate":"https:\/\/www.naircenter.com\/?s={search_term_string}"},"query-input":{"@type":"PropertyValueSpecification","valueRequired":true,"valueName":"search_term_string"}}],"inLanguage":"eu-ES"},{"@type":"Organization","@id":"https:\/\/www.naircenter.com\/#organization","name":"NAIR","url":"https:\/\/www.naircenter.com\/","logo":{"@type":"ImageObject","inLanguage":"eu-ES","@id":"https:\/\/www.naircenter.com\/#\/schema\/logo\/image\/","url":"https:\/\/www.naircenter.com\/wp-content\/uploads\/2023\/11\/nair-logo-n.png","contentUrl":"https:\/\/www.naircenter.com\/wp-content\/uploads\/2023\/11\/nair-logo-n.png","width":450,"height":108,"caption":"NAIR"},"image":{"@id":"https:\/\/www.naircenter.com\/#\/schema\/logo\/image\/"}},{"@type":"Person","@id":"https:\/\/www.naircenter.com\/#\/schema\/person\/f4940c0320240ffcb2baddbd099d31fa","name":"Carlota Cort\u00e9s"}]}},"_links":{"self":[{"href":"https:\/\/www.naircenter.com\/eu\/wp-json\/wp\/v2\/posts\/3348","targetHints":{"allow":["GET"]}}],"collection":[{"href":"https:\/\/www.naircenter.com\/eu\/wp-json\/wp\/v2\/posts"}],"about":[{"href":"https:\/\/www.naircenter.com\/eu\/wp-json\/wp\/v2\/types\/post"}],"author":[{"embeddable":true,"href":"https:\/\/www.naircenter.com\/eu\/wp-json\/wp\/v2\/users\/2"}],"replies":[{"embeddable":true,"href":"https:\/\/www.naircenter.com\/eu\/wp-json\/wp\/v2\/comments?post=3348"}],"version-history":[{"count":4,"href":"https:\/\/www.naircenter.com\/eu\/wp-json\/wp\/v2\/posts\/3348\/revisions"}],"predecessor-version":[{"id":3352,"href":"https:\/\/www.naircenter.com\/eu\/wp-json\/wp\/v2\/posts\/3348\/revisions\/3352"}],"wp:featuredmedia":[{"embeddable":true,"href":"https:\/\/www.naircenter.com\/eu\/wp-json\/wp\/v2\/media\/1684"}],"wp:attachment":[{"href":"https:\/\/www.naircenter.com\/eu\/wp-json\/wp\/v2\/media?parent=3348"}],"wp:term":[{"taxonomy":"category","embeddable":true,"href":"https:\/\/www.naircenter.com\/eu\/wp-json\/wp\/v2\/categories?post=3348"},{"taxonomy":"post_tag","embeddable":true,"href":"https:\/\/www.naircenter.com\/eu\/wp-json\/wp\/v2\/tags?post=3348"}],"curies":[{"name":"wp","href":"https:\/\/api.w.org\/{rel}","templated":true}]}}