{"id":3478,"date":"2024-07-16T10:26:40","date_gmt":"2024-07-16T08:26:40","guid":{"rendered":"https:\/\/www.naircenter.com\/dos-investigadores-del-nair-center-presentes-en-la-escuela-de-verano-de-la-universidad-de-salerno-sobre-ia\/"},"modified":"2026-01-22T12:45:52","modified_gmt":"2026-01-22T11:45:52","slug":"dos-investigadores-del-nair-center-presentes-en-la-escuela-de-verano-de-la-universidad-de-salerno-sobre-ia","status":"publish","type":"post","link":"https:\/\/www.naircenter.com\/eu\/dos-investigadores-del-nair-center-presentes-en-la-escuela-de-verano-de-la-universidad-de-salerno-sobre-ia\/","title":{"rendered":"NAIR Centerreko bi ikertzaile, Adimen Artifizialari buruzko Salernoko Unibertsitateko Udako Eskolan"},"content":{"rendered":"<div style=\"text-align: justify;\">\n<h3><strong>Nazioarteko topaketa horren gai nagusia adimen artifizialaren eta negozioen kudeaketaren arteko erlazioa izan zen<\/strong><\/h3>\n<h3><strong>Ander Go\u00f1i Medrano eta Juan Pedro Garc\u00eda Ortiz ikertzaileek Nafarroako Kutxa Fundazioaren beka bat dute<\/strong><\/h3>\n<h3><strong>Haien ikerketa-lanek neurozientzia konputazionala eta datuen fusio adimenduna dituzte aztergai<\/strong><\/h3>\n<p>Iru\u00f1ea, 2024ko uztailaren 16a.- Ander Go\u00f1i Medrano eta Juan Pedro Garc\u00eda Ortiz, Nafarroako Kutxa Fundazioaren beka jaso duten NAIR Centerreko (Nafarroako Adimen Artifizialaren Nazioarteko Ikerketa Zentroa) ikertzaileak, <a href=\"https:\/\/web.unisa.it\/es\">Salernoko Unibertsitateak<\/a> antolatutako udako eskola batean izan dira duela gutxi. Topaketaren gai nagusia adimen artifizialaren eta negozioen kudeaketaren arteko erlazioa izan zen.<\/p>\n<p><em>International Doctoral Summer School on Artificial Intelligence, Big Data &amp; Management<\/em> (<em>IDSS-SouthernItaly 2024<\/em>) udako eskola hori Salernoko Unibertsitateak, Napolesko Parthenope Unibertsitateak, Nikosiako Unibertsitateak eta <a href=\"https:\/\/www.unavarra.es\/portada\">Nafarroako Unibertsitate Publikoak<\/a> antolatu dute. Bost eguneko ikastaro trinkoan, ikertzaileek adimen artifizialaren azken aurrerapenei buruzko prestakuntza jaso dute nazioarteko esparruko adituen eskutik. Zenbait herrialdetako \u2014hala nola Zipre, Kanada, Espainia edo Italia\u2014 berrogeita hamar bat pertsonak parte hartu dute ikastaroan.<\/p>\n<p>Ander Go\u00f1i Medranok, sortzez Nafarroakoak, Matematikako gradua eta Matematika Aurreratuko masterra du. Ikaskuntza automatikoko problema orokorretan aplikatzeko datuen fusioko metodo berriei buruzko tesia garatzen ari da. Bestalde, Juan Pedro Garc\u00eda Ortiz, sortzez Murtziakoa, Bioteknologiako graduduna da eta bi master ditu: Neurozientzia Oinarrizko eta Aplikatuan bata eta Bioinformatikan bestea. Istripu zerebrobaskularrak izan dituzten pertsonengan jarduera neurologikoaren patroiak identifikatzeko eta neurorrehabilitazioko hainbat mekanismo ulertzeko adimen artifiziala erabiltzean zentratzen da bere ikerketa.<\/p>\n<p>Biek dute <a href=\"https:\/\/www.fundacioncajanavarra.es\/\">Nafarroako Kutxa Fundazioaren<\/a> beka bana, NAIR Centerren eta Fundazioaren beraren arteko hitzarmenaren barruan; modu horretan, ikerketaren eta ezagutzaren aldeko apustua indartzen dute. Nafarroako Kutxa Fundazioaren helburuetako bat gizarteak planteatzen dituen erronka berriei erantzutea da, eta, zalantzarik gabe, adimen artifiziala eta izan ditzakeen aplikazioak guri dagokigun zerbait dira.<\/p>\n<p>Hitzarmen horren bidez, neurozientzia konputazionala eta datuen eta informazioaren fusioa aztergai dituzten ikerketa-arloak bultzatzen dira. Neurozientzia konputazionala ikaskuntza adimenduna aztergai duen NAIR Centerren ikerketa-arloari dagokio. Neurozientzia konputazionalak, zehazki, eredu matematikoak eta konputazionalak erabiltzen ditu nerbio-sistemaren garapena eta funtzionamendua ulertzeko. Lan-arlo hori erabakigarria da adimen artifizialean printzipio zerebralak ulertzeko eta problema konplexuei aurre egiteko, hala nola ordenagailu bidezko ikusmenari eta hizkuntza naturalaren prozesamenduari.<\/p>\n<p>Informazioaren eta datuen analisi eta fusio adimendunari buruzko ikerketa-arloaren asmoa da informazioaren eta datuen deskribapen, analisi eta ustiapenean sakontzea, adimen artifizialean hobeto aplikatzeko. Adimen artifizialaren algoritmoak eta aplikazioak lortzeko, ezinbestekoa da behar adina datu eta kalitatezkoak izatea, baita datu horiek tratatzeko eta horietatik behar den informazioa erauzteko mekanismo egokiak edukitzea ere.<\/p>\n<p>Datu horiek modu numerikoan, linguistikoan, bektorialean, sentsorialean (irudi gisa) edo horien guztien konbinazio baten bidez adierazita egon daitezke. Horregatik, datuen analisi eta fusio adimenduna funtsezko elementua da adimen artifizialaren arlo guztietan, baita doitasunezko medikuntza, bioteknologia, 4.0 Industria, segurtasun informatikoa edo irudi-prozesamendua barnean hartzen dituzten aplikazioetan ere.<\/p>\n<p>&nbsp;<\/p>\n<p><a href=\"https:\/\/www.naircenter.com\/eu\/datuen-fusio-adimenduna\/\">NAIR Centerren ikerketa-arloei buruzko informazio gehiago esteka honetan.<\/a><\/p>\n<p><a href=\"https:\/\/www.naircenter.com\/eu\/fundacion-caja-navarra-colabora-con-nair-center-en-materia-de-investigacion-sobre-neurociencia-computacional-y-fusion-de-datos-e-informacion\/\">Nafarroako Kutxa Fundazioarekiko akordioari buruzko informazio gehiago esteka honetan.<\/a><\/p>\n<p><a href=\"https:\/\/www.naircenter.com\/eu\/la-upna-coorganiza-en-italia-una-escuela-de-verano-para-estudiantes-de-doctorado-dedicada-a-la-inteligencia-artificial\/\"><em>IDSS-SouthernItaly<\/em> ekitaldiari buruzko informazio gehiago esteka honetan.<\/a><\/p>\n<\/div>\n","protected":false},"excerpt":{"rendered":"<p>Nazioarteko topaketa horren gai nagusia adimen artifizialaren eta negozioen kudeaketaren arteko erlazioa izan zen Ander Go\u00f1i Medrano eta Juan Pedro Garc\u00eda Ortiz ikertzaileek Nafarroako Kutxa Fundazioaren beka bat dute Haien&#8230;<\/p>\n","protected":false},"author":2,"featured_media":1569,"comment_status":"closed","ping_status":"closed","sticky":false,"template":"","format":"standard","meta":{"footnotes":""},"categories":[33],"tags":[],"class_list":{"0":"post-3478","1":"post","2":"type-post","3":"status-publish","4":"format-standard","5":"has-post-thumbnail","7":"category-sin-categorizar-eu"},"yoast_head":"<!-- This site is optimized with the Yoast SEO plugin v27.3 - https:\/\/yoast.com\/product\/yoast-seo-wordpress\/ -->\n<title>NAIR Centerreko bi ikertzaile, Adimen Artifizialari buruzko Salernoko Unibertsitateko Udako Eskolan - NAIR<\/title>\n<meta name=\"robots\" content=\"index, follow, max-snippet:-1, max-image-preview:large, max-video-preview:-1\" \/>\n<link rel=\"canonical\" href=\"https:\/\/www.naircenter.com\/eu\/dos-investigadores-del-nair-center-presentes-en-la-escuela-de-verano-de-la-universidad-de-salerno-sobre-ia\/\" \/>\n<meta property=\"og:locale\" content=\"eu_ES\" \/>\n<meta property=\"og:type\" content=\"article\" \/>\n<meta property=\"og:title\" content=\"NAIR Centerreko bi ikertzaile, Adimen Artifizialari buruzko Salernoko Unibertsitateko Udako Eskolan - NAIR\" \/>\n<meta property=\"og:description\" content=\"Nazioarteko topaketa horren gai nagusia adimen artifizialaren eta negozioen kudeaketaren arteko erlazioa izan zen Ander Go\u00f1i Medrano eta Juan Pedro Garc\u00eda Ortiz ikertzaileek Nafarroako Kutxa Fundazioaren beka bat dute Haien...\" \/>\n<meta property=\"og:url\" content=\"https:\/\/www.naircenter.com\/eu\/dos-investigadores-del-nair-center-presentes-en-la-escuela-de-verano-de-la-universidad-de-salerno-sobre-ia\/\" \/>\n<meta property=\"og:site_name\" content=\"NAIR\" \/>\n<meta property=\"article:published_time\" content=\"2024-07-16T08:26:40+00:00\" \/>\n<meta property=\"article:modified_time\" content=\"2026-01-22T11:45:52+00:00\" \/>\n<meta property=\"og:image\" content=\"https:\/\/www.naircenter.com\/wp-content\/uploads\/2024\/07\/FCN-NAIR-Becados-Universidad-de-Salerno.jpeg\" \/>\n\t<meta property=\"og:image:width\" content=\"1600\" \/>\n\t<meta property=\"og:image:height\" content=\"1138\" \/>\n\t<meta property=\"og:image:type\" content=\"image\/jpeg\" \/>\n<meta name=\"author\" content=\"Carlota Cort\u00e9s\" \/>\n<meta name=\"twitter:card\" content=\"summary_large_image\" \/>\n<meta name=\"twitter:label1\" content=\"Written by\" \/>\n\t<meta name=\"twitter:data1\" content=\"Carlota Cort\u00e9s\" \/>\n\t<meta name=\"twitter:label2\" content=\"Est. reading time\" \/>\n\t<meta name=\"twitter:data2\" content=\"3 minutes\" \/>\n<script type=\"application\/ld+json\" class=\"yoast-schema-graph\">{\"@context\":\"https:\\\/\\\/schema.org\",\"@graph\":[{\"@type\":\"Article\",\"@id\":\"https:\\\/\\\/www.naircenter.com\\\/eu\\\/dos-investigadores-del-nair-center-presentes-en-la-escuela-de-verano-de-la-universidad-de-salerno-sobre-ia\\\/#article\",\"isPartOf\":{\"@id\":\"https:\\\/\\\/www.naircenter.com\\\/eu\\\/dos-investigadores-del-nair-center-presentes-en-la-escuela-de-verano-de-la-universidad-de-salerno-sobre-ia\\\/\"},\"author\":{\"name\":\"Carlota Cort\u00e9s\",\"@id\":\"https:\\\/\\\/www.naircenter.com\\\/#\\\/schema\\\/person\\\/f4940c0320240ffcb2baddbd099d31fa\"},\"headline\":\"NAIR Centerreko bi ikertzaile, Adimen Artifizialari buruzko Salernoko Unibertsitateko Udako Eskolan\",\"datePublished\":\"2024-07-16T08:26:40+00:00\",\"dateModified\":\"2026-01-22T11:45:52+00:00\",\"mainEntityOfPage\":{\"@id\":\"https:\\\/\\\/www.naircenter.com\\\/eu\\\/dos-investigadores-del-nair-center-presentes-en-la-escuela-de-verano-de-la-universidad-de-salerno-sobre-ia\\\/\"},\"wordCount\":470,\"publisher\":{\"@id\":\"https:\\\/\\\/www.naircenter.com\\\/#organization\"},\"image\":{\"@id\":\"https:\\\/\\\/www.naircenter.com\\\/eu\\\/dos-investigadores-del-nair-center-presentes-en-la-escuela-de-verano-de-la-universidad-de-salerno-sobre-ia\\\/#primaryimage\"},\"thumbnailUrl\":\"https:\\\/\\\/www.naircenter.com\\\/wp-content\\\/uploads\\\/2024\\\/07\\\/FCN-NAIR-Becados-Universidad-de-Salerno.jpeg\",\"articleSection\":[\"Sin categorizar\"],\"inLanguage\":\"eu-ES\"},{\"@type\":\"WebPage\",\"@id\":\"https:\\\/\\\/www.naircenter.com\\\/eu\\\/dos-investigadores-del-nair-center-presentes-en-la-escuela-de-verano-de-la-universidad-de-salerno-sobre-ia\\\/\",\"url\":\"https:\\\/\\\/www.naircenter.com\\\/eu\\\/dos-investigadores-del-nair-center-presentes-en-la-escuela-de-verano-de-la-universidad-de-salerno-sobre-ia\\\/\",\"name\":\"NAIR Centerreko bi ikertzaile, Adimen Artifizialari buruzko Salernoko Unibertsitateko Udako Eskolan - NAIR\",\"isPartOf\":{\"@id\":\"https:\\\/\\\/www.naircenter.com\\\/#website\"},\"primaryImageOfPage\":{\"@id\":\"https:\\\/\\\/www.naircenter.com\\\/eu\\\/dos-investigadores-del-nair-center-presentes-en-la-escuela-de-verano-de-la-universidad-de-salerno-sobre-ia\\\/#primaryimage\"},\"image\":{\"@id\":\"https:\\\/\\\/www.naircenter.com\\\/eu\\\/dos-investigadores-del-nair-center-presentes-en-la-escuela-de-verano-de-la-universidad-de-salerno-sobre-ia\\\/#primaryimage\"},\"thumbnailUrl\":\"https:\\\/\\\/www.naircenter.com\\\/wp-content\\\/uploads\\\/2024\\\/07\\\/FCN-NAIR-Becados-Universidad-de-Salerno.jpeg\",\"datePublished\":\"2024-07-16T08:26:40+00:00\",\"dateModified\":\"2026-01-22T11:45:52+00:00\",\"breadcrumb\":{\"@id\":\"https:\\\/\\\/www.naircenter.com\\\/eu\\\/dos-investigadores-del-nair-center-presentes-en-la-escuela-de-verano-de-la-universidad-de-salerno-sobre-ia\\\/#breadcrumb\"},\"inLanguage\":\"eu-ES\",\"potentialAction\":[{\"@type\":\"ReadAction\",\"target\":[\"https:\\\/\\\/www.naircenter.com\\\/eu\\\/dos-investigadores-del-nair-center-presentes-en-la-escuela-de-verano-de-la-universidad-de-salerno-sobre-ia\\\/\"]}]},{\"@type\":\"ImageObject\",\"inLanguage\":\"eu-ES\",\"@id\":\"https:\\\/\\\/www.naircenter.com\\\/eu\\\/dos-investigadores-del-nair-center-presentes-en-la-escuela-de-verano-de-la-universidad-de-salerno-sobre-ia\\\/#primaryimage\",\"url\":\"https:\\\/\\\/www.naircenter.com\\\/wp-content\\\/uploads\\\/2024\\\/07\\\/FCN-NAIR-Becados-Universidad-de-Salerno.jpeg\",\"contentUrl\":\"https:\\\/\\\/www.naircenter.com\\\/wp-content\\\/uploads\\\/2024\\\/07\\\/FCN-NAIR-Becados-Universidad-de-Salerno.jpeg\",\"width\":1600,\"height\":1138},{\"@type\":\"BreadcrumbList\",\"@id\":\"https:\\\/\\\/www.naircenter.com\\\/eu\\\/dos-investigadores-del-nair-center-presentes-en-la-escuela-de-verano-de-la-universidad-de-salerno-sobre-ia\\\/#breadcrumb\",\"itemListElement\":[{\"@type\":\"ListItem\",\"position\":1,\"name\":\"Portada\",\"item\":\"https:\\\/\\\/www.naircenter.com\\\/eu\\\/\"},{\"@type\":\"ListItem\",\"position\":2,\"name\":\"NAIR Centerreko bi ikertzaile, Adimen Artifizialari buruzko Salernoko Unibertsitateko Udako Eskolan\"}]},{\"@type\":\"WebSite\",\"@id\":\"https:\\\/\\\/www.naircenter.com\\\/#website\",\"url\":\"https:\\\/\\\/www.naircenter.com\\\/\",\"name\":\"NAIR\",\"description\":\"\",\"publisher\":{\"@id\":\"https:\\\/\\\/www.naircenter.com\\\/#organization\"},\"potentialAction\":[{\"@type\":\"SearchAction\",\"target\":{\"@type\":\"EntryPoint\",\"urlTemplate\":\"https:\\\/\\\/www.naircenter.com\\\/?s={search_term_string}\"},\"query-input\":{\"@type\":\"PropertyValueSpecification\",\"valueRequired\":true,\"valueName\":\"search_term_string\"}}],\"inLanguage\":\"eu-ES\"},{\"@type\":\"Organization\",\"@id\":\"https:\\\/\\\/www.naircenter.com\\\/#organization\",\"name\":\"NAIR\",\"url\":\"https:\\\/\\\/www.naircenter.com\\\/\",\"logo\":{\"@type\":\"ImageObject\",\"inLanguage\":\"eu-ES\",\"@id\":\"https:\\\/\\\/www.naircenter.com\\\/#\\\/schema\\\/logo\\\/image\\\/\",\"url\":\"https:\\\/\\\/www.naircenter.com\\\/wp-content\\\/uploads\\\/2023\\\/11\\\/nair-logo-n.png\",\"contentUrl\":\"https:\\\/\\\/www.naircenter.com\\\/wp-content\\\/uploads\\\/2023\\\/11\\\/nair-logo-n.png\",\"width\":450,\"height\":108,\"caption\":\"NAIR\"},\"image\":{\"@id\":\"https:\\\/\\\/www.naircenter.com\\\/#\\\/schema\\\/logo\\\/image\\\/\"}},{\"@type\":\"Person\",\"@id\":\"https:\\\/\\\/www.naircenter.com\\\/#\\\/schema\\\/person\\\/f4940c0320240ffcb2baddbd099d31fa\",\"name\":\"Carlota Cort\u00e9s\"}]}<\/script>\n<!-- \/ Yoast SEO plugin. -->","yoast_head_json":{"title":"NAIR Centerreko bi ikertzaile, Adimen Artifizialari buruzko Salernoko Unibertsitateko Udako Eskolan - NAIR","robots":{"index":"index","follow":"follow","max-snippet":"max-snippet:-1","max-image-preview":"max-image-preview:large","max-video-preview":"max-video-preview:-1"},"canonical":"https:\/\/www.naircenter.com\/eu\/dos-investigadores-del-nair-center-presentes-en-la-escuela-de-verano-de-la-universidad-de-salerno-sobre-ia\/","og_locale":"eu_ES","og_type":"article","og_title":"NAIR Centerreko bi ikertzaile, Adimen Artifizialari buruzko Salernoko Unibertsitateko Udako Eskolan - NAIR","og_description":"Nazioarteko topaketa horren gai nagusia adimen artifizialaren eta negozioen kudeaketaren arteko erlazioa izan zen Ander Go\u00f1i Medrano eta Juan Pedro Garc\u00eda Ortiz ikertzaileek Nafarroako Kutxa Fundazioaren beka bat dute Haien...","og_url":"https:\/\/www.naircenter.com\/eu\/dos-investigadores-del-nair-center-presentes-en-la-escuela-de-verano-de-la-universidad-de-salerno-sobre-ia\/","og_site_name":"NAIR","article_published_time":"2024-07-16T08:26:40+00:00","article_modified_time":"2026-01-22T11:45:52+00:00","og_image":[{"width":1600,"height":1138,"url":"https:\/\/www.naircenter.com\/wp-content\/uploads\/2024\/07\/FCN-NAIR-Becados-Universidad-de-Salerno.jpeg","type":"image\/jpeg"}],"author":"Carlota Cort\u00e9s","twitter_card":"summary_large_image","twitter_misc":{"Written by":"Carlota Cort\u00e9s","Est. reading time":"3 minutes"},"schema":{"@context":"https:\/\/schema.org","@graph":[{"@type":"Article","@id":"https:\/\/www.naircenter.com\/eu\/dos-investigadores-del-nair-center-presentes-en-la-escuela-de-verano-de-la-universidad-de-salerno-sobre-ia\/#article","isPartOf":{"@id":"https:\/\/www.naircenter.com\/eu\/dos-investigadores-del-nair-center-presentes-en-la-escuela-de-verano-de-la-universidad-de-salerno-sobre-ia\/"},"author":{"name":"Carlota Cort\u00e9s","@id":"https:\/\/www.naircenter.com\/#\/schema\/person\/f4940c0320240ffcb2baddbd099d31fa"},"headline":"NAIR Centerreko bi ikertzaile, Adimen Artifizialari buruzko Salernoko Unibertsitateko Udako Eskolan","datePublished":"2024-07-16T08:26:40+00:00","dateModified":"2026-01-22T11:45:52+00:00","mainEntityOfPage":{"@id":"https:\/\/www.naircenter.com\/eu\/dos-investigadores-del-nair-center-presentes-en-la-escuela-de-verano-de-la-universidad-de-salerno-sobre-ia\/"},"wordCount":470,"publisher":{"@id":"https:\/\/www.naircenter.com\/#organization"},"image":{"@id":"https:\/\/www.naircenter.com\/eu\/dos-investigadores-del-nair-center-presentes-en-la-escuela-de-verano-de-la-universidad-de-salerno-sobre-ia\/#primaryimage"},"thumbnailUrl":"https:\/\/www.naircenter.com\/wp-content\/uploads\/2024\/07\/FCN-NAIR-Becados-Universidad-de-Salerno.jpeg","articleSection":["Sin categorizar"],"inLanguage":"eu-ES"},{"@type":"WebPage","@id":"https:\/\/www.naircenter.com\/eu\/dos-investigadores-del-nair-center-presentes-en-la-escuela-de-verano-de-la-universidad-de-salerno-sobre-ia\/","url":"https:\/\/www.naircenter.com\/eu\/dos-investigadores-del-nair-center-presentes-en-la-escuela-de-verano-de-la-universidad-de-salerno-sobre-ia\/","name":"NAIR Centerreko bi ikertzaile, Adimen Artifizialari buruzko Salernoko Unibertsitateko Udako Eskolan - NAIR","isPartOf":{"@id":"https:\/\/www.naircenter.com\/#website"},"primaryImageOfPage":{"@id":"https:\/\/www.naircenter.com\/eu\/dos-investigadores-del-nair-center-presentes-en-la-escuela-de-verano-de-la-universidad-de-salerno-sobre-ia\/#primaryimage"},"image":{"@id":"https:\/\/www.naircenter.com\/eu\/dos-investigadores-del-nair-center-presentes-en-la-escuela-de-verano-de-la-universidad-de-salerno-sobre-ia\/#primaryimage"},"thumbnailUrl":"https:\/\/www.naircenter.com\/wp-content\/uploads\/2024\/07\/FCN-NAIR-Becados-Universidad-de-Salerno.jpeg","datePublished":"2024-07-16T08:26:40+00:00","dateModified":"2026-01-22T11:45:52+00:00","breadcrumb":{"@id":"https:\/\/www.naircenter.com\/eu\/dos-investigadores-del-nair-center-presentes-en-la-escuela-de-verano-de-la-universidad-de-salerno-sobre-ia\/#breadcrumb"},"inLanguage":"eu-ES","potentialAction":[{"@type":"ReadAction","target":["https:\/\/www.naircenter.com\/eu\/dos-investigadores-del-nair-center-presentes-en-la-escuela-de-verano-de-la-universidad-de-salerno-sobre-ia\/"]}]},{"@type":"ImageObject","inLanguage":"eu-ES","@id":"https:\/\/www.naircenter.com\/eu\/dos-investigadores-del-nair-center-presentes-en-la-escuela-de-verano-de-la-universidad-de-salerno-sobre-ia\/#primaryimage","url":"https:\/\/www.naircenter.com\/wp-content\/uploads\/2024\/07\/FCN-NAIR-Becados-Universidad-de-Salerno.jpeg","contentUrl":"https:\/\/www.naircenter.com\/wp-content\/uploads\/2024\/07\/FCN-NAIR-Becados-Universidad-de-Salerno.jpeg","width":1600,"height":1138},{"@type":"BreadcrumbList","@id":"https:\/\/www.naircenter.com\/eu\/dos-investigadores-del-nair-center-presentes-en-la-escuela-de-verano-de-la-universidad-de-salerno-sobre-ia\/#breadcrumb","itemListElement":[{"@type":"ListItem","position":1,"name":"Portada","item":"https:\/\/www.naircenter.com\/eu\/"},{"@type":"ListItem","position":2,"name":"NAIR Centerreko bi ikertzaile, Adimen Artifizialari buruzko Salernoko Unibertsitateko Udako Eskolan"}]},{"@type":"WebSite","@id":"https:\/\/www.naircenter.com\/#website","url":"https:\/\/www.naircenter.com\/","name":"NAIR","description":"","publisher":{"@id":"https:\/\/www.naircenter.com\/#organization"},"potentialAction":[{"@type":"SearchAction","target":{"@type":"EntryPoint","urlTemplate":"https:\/\/www.naircenter.com\/?s={search_term_string}"},"query-input":{"@type":"PropertyValueSpecification","valueRequired":true,"valueName":"search_term_string"}}],"inLanguage":"eu-ES"},{"@type":"Organization","@id":"https:\/\/www.naircenter.com\/#organization","name":"NAIR","url":"https:\/\/www.naircenter.com\/","logo":{"@type":"ImageObject","inLanguage":"eu-ES","@id":"https:\/\/www.naircenter.com\/#\/schema\/logo\/image\/","url":"https:\/\/www.naircenter.com\/wp-content\/uploads\/2023\/11\/nair-logo-n.png","contentUrl":"https:\/\/www.naircenter.com\/wp-content\/uploads\/2023\/11\/nair-logo-n.png","width":450,"height":108,"caption":"NAIR"},"image":{"@id":"https:\/\/www.naircenter.com\/#\/schema\/logo\/image\/"}},{"@type":"Person","@id":"https:\/\/www.naircenter.com\/#\/schema\/person\/f4940c0320240ffcb2baddbd099d31fa","name":"Carlota Cort\u00e9s"}]}},"_links":{"self":[{"href":"https:\/\/www.naircenter.com\/eu\/wp-json\/wp\/v2\/posts\/3478","targetHints":{"allow":["GET"]}}],"collection":[{"href":"https:\/\/www.naircenter.com\/eu\/wp-json\/wp\/v2\/posts"}],"about":[{"href":"https:\/\/www.naircenter.com\/eu\/wp-json\/wp\/v2\/types\/post"}],"author":[{"embeddable":true,"href":"https:\/\/www.naircenter.com\/eu\/wp-json\/wp\/v2\/users\/2"}],"replies":[{"embeddable":true,"href":"https:\/\/www.naircenter.com\/eu\/wp-json\/wp\/v2\/comments?post=3478"}],"version-history":[{"count":2,"href":"https:\/\/www.naircenter.com\/eu\/wp-json\/wp\/v2\/posts\/3478\/revisions"}],"predecessor-version":[{"id":3484,"href":"https:\/\/www.naircenter.com\/eu\/wp-json\/wp\/v2\/posts\/3478\/revisions\/3484"}],"wp:featuredmedia":[{"embeddable":true,"href":"https:\/\/www.naircenter.com\/eu\/wp-json\/wp\/v2\/media\/1569"}],"wp:attachment":[{"href":"https:\/\/www.naircenter.com\/eu\/wp-json\/wp\/v2\/media?parent=3478"}],"wp:term":[{"taxonomy":"category","embeddable":true,"href":"https:\/\/www.naircenter.com\/eu\/wp-json\/wp\/v2\/categories?post=3478"},{"taxonomy":"post_tag","embeddable":true,"href":"https:\/\/www.naircenter.com\/eu\/wp-json\/wp\/v2\/tags?post=3478"}],"curies":[{"name":"wp","href":"https:\/\/api.w.org\/{rel}","templated":true}]}}