{"id":3480,"date":"2024-06-28T14:53:39","date_gmt":"2024-06-28T12:53:39","guid":{"rendered":"https:\/\/www.naircenter.com\/la-upna-coorganiza-en-italia-una-escuela-de-verano-para-estudiantes-de-doctorado-dedicada-a-la-inteligencia-artificial\/"},"modified":"2026-01-22T12:54:15","modified_gmt":"2026-01-22T11:54:15","slug":"la-upna-coorganiza-en-italia-una-escuela-de-verano-para-estudiantes-de-doctorado-dedicada-a-la-inteligencia-artificial","status":"publish","type":"post","link":"https:\/\/www.naircenter.com\/eu\/la-upna-coorganiza-en-italia-una-escuela-de-verano-para-estudiantes-de-doctorado-dedicada-a-la-inteligencia-artificial\/","title":{"rendered":"NUPek doktoregoko ikasleentzako adimen artifizialari buruzko udako eskola antolatu du Italian"},"content":{"rendered":"<div style=\"text-align: justify;\">\n<h3>Carlos L\u00f3pez-Molina irakasleak eta Nafarroako erakunde akademikoko sei doktoregaik parte hartu dute Paestum-en egindako eskolan<\/h3>\n<p>Nafarroako Unibertsitate Publikoak (NUP), Europako beste hiru unibertsitaterekin elkarlanean, doktoregoko ikasleentzat adimen artifizialari eta negozioen kudeaketan dituen aplikazioei buruzko udako eskola antolatu du Paestum-en (Italia). Ikasleak prestatzeko eta ikasleen artean kontaktuak eta sareak sortzeko diseinatutako ekitaldi akademiko horretan, Nafarroako erakunde akademikoaren aldetik parte hartu dute Carlos L\u00f3pez-Molina Estatistika, Informatika eta Matematika Saileko irakasleak \u2014bi hitzaldi eman zituen\u2014 eta sei doktoregaik.<\/p>\n<p>Zehazki, honako doktoregai hauek dira: Mikel Ferrero Jaurrieta, Xabier Gonz\u00e1lez Garc\u00eda, Iosu Rodr\u00edguez Mart\u00ednez (Adimen Artifizialaren eta Arrazoibide Hurbilaren Ikerketa Taldeari atxikiak), Juan Pedro Garc\u00eda Ortiz, Ander Go\u00f1i Medrano eta Juan Quizhpilema Cede\u00f1o (NUPeko Algebra eta Aplikazioen Taldeari atxikiak). Doktoregai horiek tesia\u00a0<a href=\"https:\/\/www.naircenter.com\/eu\/\">NAIR Center-Navarra Artificial Intelligence Research<\/a> zentroan egiten ari dira. NUPen ikerketa-egonaldiak egin dituzten Italiako Salernoko Unibertsitateko (UNISA) bi doktorego-ikaslerekin jardun dute: Matteo Carollo eta Fabio Gil Zuluaga.<\/p>\n<p>Nazioarteko udako eskola<\/p>\n<p>Udako eskola ekainean egin da, eta NUPek, UNISAk, Napoliko Parthenope Unibertsitateak (Italia) eta Nikosiako Unibertsitateak (Zipre) sustatu dute. Eskolak eman dituzten irakasleak lau erakunde horietakoak ziren, baita Italiako beste bi unibertsitatetakoak (Catanzaroko Magna Grecia Unibertsitatea eta Perugiako Unibertsitatea), Malaysiako Sunway Unibertsitatekoak eta Frantziako Kedge Business Schoolekoak ere.<\/p>\n<\/div>\n","protected":false},"excerpt":{"rendered":"<p>Carlos L\u00f3pez-Molina irakasleak eta Nafarroako erakunde akademikoko sei doktoregaik parte hartu dute Paestum-en egindako eskolan Nafarroako Unibertsitate Publikoak (NUP), Europako beste hiru unibertsitaterekin elkarlanean, doktoregoko ikasleentzat adimen artifizialari eta negozioen&#8230;<\/p>\n","protected":false},"author":2,"featured_media":1547,"comment_status":"closed","ping_status":"closed","sticky":false,"template":"","format":"standard","meta":{"footnotes":""},"categories":[33],"tags":[],"class_list":{"0":"post-3480","1":"post","2":"type-post","3":"status-publish","4":"format-standard","5":"has-post-thumbnail","7":"category-sin-categorizar-eu"},"yoast_head":"<!-- This site is optimized with the Yoast SEO plugin v27.3 - https:\/\/yoast.com\/product\/yoast-seo-wordpress\/ -->\n<title>NUPek doktoregoko ikasleentzako adimen artifizialari buruzko udako eskola antolatu du Italian - NAIR<\/title>\n<meta name=\"robots\" content=\"index, follow, max-snippet:-1, max-image-preview:large, max-video-preview:-1\" \/>\n<link rel=\"canonical\" href=\"https:\/\/www.naircenter.com\/eu\/la-upna-coorganiza-en-italia-una-escuela-de-verano-para-estudiantes-de-doctorado-dedicada-a-la-inteligencia-artificial\/\" \/>\n<meta property=\"og:locale\" content=\"eu_ES\" \/>\n<meta property=\"og:type\" content=\"article\" \/>\n<meta property=\"og:title\" content=\"NUPek doktoregoko ikasleentzako adimen artifizialari buruzko udako eskola antolatu du Italian - NAIR\" \/>\n<meta property=\"og:description\" content=\"Carlos L\u00f3pez-Molina irakasleak eta Nafarroako erakunde akademikoko sei doktoregaik parte hartu dute Paestum-en egindako eskolan Nafarroako Unibertsitate Publikoak (NUP), Europako beste hiru unibertsitaterekin elkarlanean, doktoregoko ikasleentzat adimen artifizialari eta negozioen...\" \/>\n<meta property=\"og:url\" content=\"https:\/\/www.naircenter.com\/eu\/la-upna-coorganiza-en-italia-una-escuela-de-verano-para-estudiantes-de-doctorado-dedicada-a-la-inteligencia-artificial\/\" \/>\n<meta property=\"og:site_name\" content=\"NAIR\" \/>\n<meta property=\"article:published_time\" content=\"2024-06-28T12:53:39+00:00\" \/>\n<meta property=\"article:modified_time\" content=\"2026-01-22T11:54:15+00:00\" \/>\n<meta property=\"og:image\" content=\"https:\/\/www.naircenter.com\/wp-content\/uploads\/2024\/07\/Foto1-pq.jpg\" \/>\n\t<meta property=\"og:image:width\" content=\"900\" \/>\n\t<meta property=\"og:image:height\" content=\"550\" \/>\n\t<meta property=\"og:image:type\" content=\"image\/jpeg\" \/>\n<meta name=\"author\" content=\"Carlota Cort\u00e9s\" \/>\n<meta name=\"twitter:card\" content=\"summary_large_image\" \/>\n<meta name=\"twitter:label1\" content=\"Written by\" \/>\n\t<meta name=\"twitter:data1\" content=\"Carlota Cort\u00e9s\" \/>\n\t<meta name=\"twitter:label2\" content=\"Est. reading time\" \/>\n\t<meta name=\"twitter:data2\" content=\"2 minutes\" \/>\n<script type=\"application\/ld+json\" class=\"yoast-schema-graph\">{\"@context\":\"https:\\\/\\\/schema.org\",\"@graph\":[{\"@type\":\"Article\",\"@id\":\"https:\\\/\\\/www.naircenter.com\\\/eu\\\/la-upna-coorganiza-en-italia-una-escuela-de-verano-para-estudiantes-de-doctorado-dedicada-a-la-inteligencia-artificial\\\/#article\",\"isPartOf\":{\"@id\":\"https:\\\/\\\/www.naircenter.com\\\/eu\\\/la-upna-coorganiza-en-italia-una-escuela-de-verano-para-estudiantes-de-doctorado-dedicada-a-la-inteligencia-artificial\\\/\"},\"author\":{\"name\":\"Carlota Cort\u00e9s\",\"@id\":\"https:\\\/\\\/www.naircenter.com\\\/#\\\/schema\\\/person\\\/f4940c0320240ffcb2baddbd099d31fa\"},\"headline\":\"NUPek doktoregoko ikasleentzako adimen artifizialari buruzko udako eskola antolatu du Italian\",\"datePublished\":\"2024-06-28T12:53:39+00:00\",\"dateModified\":\"2026-01-22T11:54:15+00:00\",\"mainEntityOfPage\":{\"@id\":\"https:\\\/\\\/www.naircenter.com\\\/eu\\\/la-upna-coorganiza-en-italia-una-escuela-de-verano-para-estudiantes-de-doctorado-dedicada-a-la-inteligencia-artificial\\\/\"},\"wordCount\":214,\"publisher\":{\"@id\":\"https:\\\/\\\/www.naircenter.com\\\/#organization\"},\"image\":{\"@id\":\"https:\\\/\\\/www.naircenter.com\\\/eu\\\/la-upna-coorganiza-en-italia-una-escuela-de-verano-para-estudiantes-de-doctorado-dedicada-a-la-inteligencia-artificial\\\/#primaryimage\"},\"thumbnailUrl\":\"https:\\\/\\\/www.naircenter.com\\\/wp-content\\\/uploads\\\/2024\\\/07\\\/Foto1-pq.jpg\",\"articleSection\":[\"Sin categorizar\"],\"inLanguage\":\"eu-ES\"},{\"@type\":\"WebPage\",\"@id\":\"https:\\\/\\\/www.naircenter.com\\\/eu\\\/la-upna-coorganiza-en-italia-una-escuela-de-verano-para-estudiantes-de-doctorado-dedicada-a-la-inteligencia-artificial\\\/\",\"url\":\"https:\\\/\\\/www.naircenter.com\\\/eu\\\/la-upna-coorganiza-en-italia-una-escuela-de-verano-para-estudiantes-de-doctorado-dedicada-a-la-inteligencia-artificial\\\/\",\"name\":\"NUPek doktoregoko ikasleentzako adimen artifizialari buruzko udako eskola antolatu du Italian - NAIR\",\"isPartOf\":{\"@id\":\"https:\\\/\\\/www.naircenter.com\\\/#website\"},\"primaryImageOfPage\":{\"@id\":\"https:\\\/\\\/www.naircenter.com\\\/eu\\\/la-upna-coorganiza-en-italia-una-escuela-de-verano-para-estudiantes-de-doctorado-dedicada-a-la-inteligencia-artificial\\\/#primaryimage\"},\"image\":{\"@id\":\"https:\\\/\\\/www.naircenter.com\\\/eu\\\/la-upna-coorganiza-en-italia-una-escuela-de-verano-para-estudiantes-de-doctorado-dedicada-a-la-inteligencia-artificial\\\/#primaryimage\"},\"thumbnailUrl\":\"https:\\\/\\\/www.naircenter.com\\\/wp-content\\\/uploads\\\/2024\\\/07\\\/Foto1-pq.jpg\",\"datePublished\":\"2024-06-28T12:53:39+00:00\",\"dateModified\":\"2026-01-22T11:54:15+00:00\",\"breadcrumb\":{\"@id\":\"https:\\\/\\\/www.naircenter.com\\\/eu\\\/la-upna-coorganiza-en-italia-una-escuela-de-verano-para-estudiantes-de-doctorado-dedicada-a-la-inteligencia-artificial\\\/#breadcrumb\"},\"inLanguage\":\"eu-ES\",\"potentialAction\":[{\"@type\":\"ReadAction\",\"target\":[\"https:\\\/\\\/www.naircenter.com\\\/eu\\\/la-upna-coorganiza-en-italia-una-escuela-de-verano-para-estudiantes-de-doctorado-dedicada-a-la-inteligencia-artificial\\\/\"]}]},{\"@type\":\"ImageObject\",\"inLanguage\":\"eu-ES\",\"@id\":\"https:\\\/\\\/www.naircenter.com\\\/eu\\\/la-upna-coorganiza-en-italia-una-escuela-de-verano-para-estudiantes-de-doctorado-dedicada-a-la-inteligencia-artificial\\\/#primaryimage\",\"url\":\"https:\\\/\\\/www.naircenter.com\\\/wp-content\\\/uploads\\\/2024\\\/07\\\/Foto1-pq.jpg\",\"contentUrl\":\"https:\\\/\\\/www.naircenter.com\\\/wp-content\\\/uploads\\\/2024\\\/07\\\/Foto1-pq.jpg\",\"width\":900,\"height\":550,\"caption\":\"De izq. a dcha.: Juan Pedro Garc\u00eda, Juan Quizhpilema, Alfredo Jim\u00e9nez (profesor de Kedge Business School), Ander Go\u00f1i, Mikel Ferrero, Xabier Gonz\u00e1lez y Iosu Rodr\u00edguez.\"},{\"@type\":\"BreadcrumbList\",\"@id\":\"https:\\\/\\\/www.naircenter.com\\\/eu\\\/la-upna-coorganiza-en-italia-una-escuela-de-verano-para-estudiantes-de-doctorado-dedicada-a-la-inteligencia-artificial\\\/#breadcrumb\",\"itemListElement\":[{\"@type\":\"ListItem\",\"position\":1,\"name\":\"Portada\",\"item\":\"https:\\\/\\\/www.naircenter.com\\\/eu\\\/\"},{\"@type\":\"ListItem\",\"position\":2,\"name\":\"NUPek doktoregoko ikasleentzako adimen artifizialari buruzko udako eskola antolatu du Italian\"}]},{\"@type\":\"WebSite\",\"@id\":\"https:\\\/\\\/www.naircenter.com\\\/#website\",\"url\":\"https:\\\/\\\/www.naircenter.com\\\/\",\"name\":\"NAIR\",\"description\":\"\",\"publisher\":{\"@id\":\"https:\\\/\\\/www.naircenter.com\\\/#organization\"},\"potentialAction\":[{\"@type\":\"SearchAction\",\"target\":{\"@type\":\"EntryPoint\",\"urlTemplate\":\"https:\\\/\\\/www.naircenter.com\\\/?s={search_term_string}\"},\"query-input\":{\"@type\":\"PropertyValueSpecification\",\"valueRequired\":true,\"valueName\":\"search_term_string\"}}],\"inLanguage\":\"eu-ES\"},{\"@type\":\"Organization\",\"@id\":\"https:\\\/\\\/www.naircenter.com\\\/#organization\",\"name\":\"NAIR\",\"url\":\"https:\\\/\\\/www.naircenter.com\\\/\",\"logo\":{\"@type\":\"ImageObject\",\"inLanguage\":\"eu-ES\",\"@id\":\"https:\\\/\\\/www.naircenter.com\\\/#\\\/schema\\\/logo\\\/image\\\/\",\"url\":\"https:\\\/\\\/www.naircenter.com\\\/wp-content\\\/uploads\\\/2023\\\/11\\\/nair-logo-n.png\",\"contentUrl\":\"https:\\\/\\\/www.naircenter.com\\\/wp-content\\\/uploads\\\/2023\\\/11\\\/nair-logo-n.png\",\"width\":450,\"height\":108,\"caption\":\"NAIR\"},\"image\":{\"@id\":\"https:\\\/\\\/www.naircenter.com\\\/#\\\/schema\\\/logo\\\/image\\\/\"}},{\"@type\":\"Person\",\"@id\":\"https:\\\/\\\/www.naircenter.com\\\/#\\\/schema\\\/person\\\/f4940c0320240ffcb2baddbd099d31fa\",\"name\":\"Carlota Cort\u00e9s\"}]}<\/script>\n<!-- \/ Yoast SEO plugin. -->","yoast_head_json":{"title":"NUPek doktoregoko ikasleentzako adimen artifizialari buruzko udako eskola antolatu du Italian - NAIR","robots":{"index":"index","follow":"follow","max-snippet":"max-snippet:-1","max-image-preview":"max-image-preview:large","max-video-preview":"max-video-preview:-1"},"canonical":"https:\/\/www.naircenter.com\/eu\/la-upna-coorganiza-en-italia-una-escuela-de-verano-para-estudiantes-de-doctorado-dedicada-a-la-inteligencia-artificial\/","og_locale":"eu_ES","og_type":"article","og_title":"NUPek doktoregoko ikasleentzako adimen artifizialari buruzko udako eskola antolatu du Italian - NAIR","og_description":"Carlos L\u00f3pez-Molina irakasleak eta Nafarroako erakunde akademikoko sei doktoregaik parte hartu dute Paestum-en egindako eskolan Nafarroako Unibertsitate Publikoak (NUP), Europako beste hiru unibertsitaterekin elkarlanean, doktoregoko ikasleentzat adimen artifizialari eta negozioen...","og_url":"https:\/\/www.naircenter.com\/eu\/la-upna-coorganiza-en-italia-una-escuela-de-verano-para-estudiantes-de-doctorado-dedicada-a-la-inteligencia-artificial\/","og_site_name":"NAIR","article_published_time":"2024-06-28T12:53:39+00:00","article_modified_time":"2026-01-22T11:54:15+00:00","og_image":[{"width":900,"height":550,"url":"https:\/\/www.naircenter.com\/wp-content\/uploads\/2024\/07\/Foto1-pq.jpg","type":"image\/jpeg"}],"author":"Carlota Cort\u00e9s","twitter_card":"summary_large_image","twitter_misc":{"Written by":"Carlota Cort\u00e9s","Est. reading time":"2 minutes"},"schema":{"@context":"https:\/\/schema.org","@graph":[{"@type":"Article","@id":"https:\/\/www.naircenter.com\/eu\/la-upna-coorganiza-en-italia-una-escuela-de-verano-para-estudiantes-de-doctorado-dedicada-a-la-inteligencia-artificial\/#article","isPartOf":{"@id":"https:\/\/www.naircenter.com\/eu\/la-upna-coorganiza-en-italia-una-escuela-de-verano-para-estudiantes-de-doctorado-dedicada-a-la-inteligencia-artificial\/"},"author":{"name":"Carlota Cort\u00e9s","@id":"https:\/\/www.naircenter.com\/#\/schema\/person\/f4940c0320240ffcb2baddbd099d31fa"},"headline":"NUPek doktoregoko ikasleentzako adimen artifizialari buruzko udako eskola antolatu du Italian","datePublished":"2024-06-28T12:53:39+00:00","dateModified":"2026-01-22T11:54:15+00:00","mainEntityOfPage":{"@id":"https:\/\/www.naircenter.com\/eu\/la-upna-coorganiza-en-italia-una-escuela-de-verano-para-estudiantes-de-doctorado-dedicada-a-la-inteligencia-artificial\/"},"wordCount":214,"publisher":{"@id":"https:\/\/www.naircenter.com\/#organization"},"image":{"@id":"https:\/\/www.naircenter.com\/eu\/la-upna-coorganiza-en-italia-una-escuela-de-verano-para-estudiantes-de-doctorado-dedicada-a-la-inteligencia-artificial\/#primaryimage"},"thumbnailUrl":"https:\/\/www.naircenter.com\/wp-content\/uploads\/2024\/07\/Foto1-pq.jpg","articleSection":["Sin categorizar"],"inLanguage":"eu-ES"},{"@type":"WebPage","@id":"https:\/\/www.naircenter.com\/eu\/la-upna-coorganiza-en-italia-una-escuela-de-verano-para-estudiantes-de-doctorado-dedicada-a-la-inteligencia-artificial\/","url":"https:\/\/www.naircenter.com\/eu\/la-upna-coorganiza-en-italia-una-escuela-de-verano-para-estudiantes-de-doctorado-dedicada-a-la-inteligencia-artificial\/","name":"NUPek doktoregoko ikasleentzako adimen artifizialari buruzko udako eskola antolatu du Italian - NAIR","isPartOf":{"@id":"https:\/\/www.naircenter.com\/#website"},"primaryImageOfPage":{"@id":"https:\/\/www.naircenter.com\/eu\/la-upna-coorganiza-en-italia-una-escuela-de-verano-para-estudiantes-de-doctorado-dedicada-a-la-inteligencia-artificial\/#primaryimage"},"image":{"@id":"https:\/\/www.naircenter.com\/eu\/la-upna-coorganiza-en-italia-una-escuela-de-verano-para-estudiantes-de-doctorado-dedicada-a-la-inteligencia-artificial\/#primaryimage"},"thumbnailUrl":"https:\/\/www.naircenter.com\/wp-content\/uploads\/2024\/07\/Foto1-pq.jpg","datePublished":"2024-06-28T12:53:39+00:00","dateModified":"2026-01-22T11:54:15+00:00","breadcrumb":{"@id":"https:\/\/www.naircenter.com\/eu\/la-upna-coorganiza-en-italia-una-escuela-de-verano-para-estudiantes-de-doctorado-dedicada-a-la-inteligencia-artificial\/#breadcrumb"},"inLanguage":"eu-ES","potentialAction":[{"@type":"ReadAction","target":["https:\/\/www.naircenter.com\/eu\/la-upna-coorganiza-en-italia-una-escuela-de-verano-para-estudiantes-de-doctorado-dedicada-a-la-inteligencia-artificial\/"]}]},{"@type":"ImageObject","inLanguage":"eu-ES","@id":"https:\/\/www.naircenter.com\/eu\/la-upna-coorganiza-en-italia-una-escuela-de-verano-para-estudiantes-de-doctorado-dedicada-a-la-inteligencia-artificial\/#primaryimage","url":"https:\/\/www.naircenter.com\/wp-content\/uploads\/2024\/07\/Foto1-pq.jpg","contentUrl":"https:\/\/www.naircenter.com\/wp-content\/uploads\/2024\/07\/Foto1-pq.jpg","width":900,"height":550,"caption":"De izq. a dcha.: Juan Pedro Garc\u00eda, Juan Quizhpilema, Alfredo Jim\u00e9nez (profesor de Kedge Business School), Ander Go\u00f1i, Mikel Ferrero, Xabier Gonz\u00e1lez y Iosu Rodr\u00edguez."},{"@type":"BreadcrumbList","@id":"https:\/\/www.naircenter.com\/eu\/la-upna-coorganiza-en-italia-una-escuela-de-verano-para-estudiantes-de-doctorado-dedicada-a-la-inteligencia-artificial\/#breadcrumb","itemListElement":[{"@type":"ListItem","position":1,"name":"Portada","item":"https:\/\/www.naircenter.com\/eu\/"},{"@type":"ListItem","position":2,"name":"NUPek doktoregoko ikasleentzako adimen artifizialari buruzko udako eskola antolatu du Italian"}]},{"@type":"WebSite","@id":"https:\/\/www.naircenter.com\/#website","url":"https:\/\/www.naircenter.com\/","name":"NAIR","description":"","publisher":{"@id":"https:\/\/www.naircenter.com\/#organization"},"potentialAction":[{"@type":"SearchAction","target":{"@type":"EntryPoint","urlTemplate":"https:\/\/www.naircenter.com\/?s={search_term_string}"},"query-input":{"@type":"PropertyValueSpecification","valueRequired":true,"valueName":"search_term_string"}}],"inLanguage":"eu-ES"},{"@type":"Organization","@id":"https:\/\/www.naircenter.com\/#organization","name":"NAIR","url":"https:\/\/www.naircenter.com\/","logo":{"@type":"ImageObject","inLanguage":"eu-ES","@id":"https:\/\/www.naircenter.com\/#\/schema\/logo\/image\/","url":"https:\/\/www.naircenter.com\/wp-content\/uploads\/2023\/11\/nair-logo-n.png","contentUrl":"https:\/\/www.naircenter.com\/wp-content\/uploads\/2023\/11\/nair-logo-n.png","width":450,"height":108,"caption":"NAIR"},"image":{"@id":"https:\/\/www.naircenter.com\/#\/schema\/logo\/image\/"}},{"@type":"Person","@id":"https:\/\/www.naircenter.com\/#\/schema\/person\/f4940c0320240ffcb2baddbd099d31fa","name":"Carlota Cort\u00e9s"}]}},"_links":{"self":[{"href":"https:\/\/www.naircenter.com\/eu\/wp-json\/wp\/v2\/posts\/3480","targetHints":{"allow":["GET"]}}],"collection":[{"href":"https:\/\/www.naircenter.com\/eu\/wp-json\/wp\/v2\/posts"}],"about":[{"href":"https:\/\/www.naircenter.com\/eu\/wp-json\/wp\/v2\/types\/post"}],"author":[{"embeddable":true,"href":"https:\/\/www.naircenter.com\/eu\/wp-json\/wp\/v2\/users\/2"}],"replies":[{"embeddable":true,"href":"https:\/\/www.naircenter.com\/eu\/wp-json\/wp\/v2\/comments?post=3480"}],"version-history":[{"count":2,"href":"https:\/\/www.naircenter.com\/eu\/wp-json\/wp\/v2\/posts\/3480\/revisions"}],"predecessor-version":[{"id":3493,"href":"https:\/\/www.naircenter.com\/eu\/wp-json\/wp\/v2\/posts\/3480\/revisions\/3493"}],"wp:featuredmedia":[{"embeddable":true,"href":"https:\/\/www.naircenter.com\/eu\/wp-json\/wp\/v2\/media\/1547"}],"wp:attachment":[{"href":"https:\/\/www.naircenter.com\/eu\/wp-json\/wp\/v2\/media?parent=3480"}],"wp:term":[{"taxonomy":"category","embeddable":true,"href":"https:\/\/www.naircenter.com\/eu\/wp-json\/wp\/v2\/categories?post=3480"},{"taxonomy":"post_tag","embeddable":true,"href":"https:\/\/www.naircenter.com\/eu\/wp-json\/wp\/v2\/tags?post=3480"}],"curies":[{"name":"wp","href":"https:\/\/api.w.org\/{rel}","templated":true}]}}